{"id":338,"date":"2023-12-01T19:06:13","date_gmt":"2023-12-01T18:06:13","guid":{"rendered":"https:\/\/ventsdevre.fr\/wpclone\/?p=338"},"modified":"2023-12-09T17:43:52","modified_gmt":"2023-12-09T16:43:52","slug":"investir-dans-la-sas-en-tant-que-citoyen","status":"publish","type":"post","link":"https:\/\/ventsdevre.fr\/wpclone\/2023\/12\/01\/investir-dans-la-sas-en-tant-que-citoyen\/","title":{"rendered":"Investir dans la SAS en tant que citoyen"},"content":{"rendered":"<div class=\"wp-block-image\">\r\n<figure class=\"aligncenter size-large is-resized\"><img loading=\"lazy\" decoding=\"async\" width=\"1024\" height=\"569\" class=\"wp-image-345\" style=\"width: 709px; height: auto;\" src=\"https:\/\/ventsdevre.fr\/wpclone\/wp-content\/uploads\/2023\/12\/image-1024x569.png\" alt=\"\" srcset=\"https:\/\/ventsdevre.fr\/wpclone\/wp-content\/uploads\/2023\/12\/image-1024x569.png 1024w, https:\/\/ventsdevre.fr\/wpclone\/wp-content\/uploads\/2023\/12\/image-300x167.png 300w, https:\/\/ventsdevre.fr\/wpclone\/wp-content\/uploads\/2023\/12\/image-768x427.png 768w, https:\/\/ventsdevre.fr\/wpclone\/wp-content\/uploads\/2023\/12\/image.png 1347w\" sizes=\"auto, (max-width: 1024px) 100vw, 1024px\" \/><\/figure>\r\n<\/div>\r\n\r\n\r\n<p><span style=\"font-size: 12pt;\"><strong><em>Note : apr\u00e8s avoir cliqu\u00e9 sur les documents ci-dessous,\u00a0<\/em><\/strong><strong><em>au format pdf, <\/em><\/strong><strong><em>vous pouvez les compl\u00e9ter en ligne, en utilisant\u00a0\u00a0<\/em><\/strong><\/span><\/p>\r\n<table style=\"border-collapse: collapse; width: 100%;\">\r\n<tbody>\r\n<tr>\r\n<td style=\"width: 25%;\"><span style=\"font-size: 12pt;\"><strong><em>\u00a0<\/em><\/strong><\/span><\/td>\r\n<td style=\"width: 25%;\"><span style=\"font-size: 12pt;\"><strong><em>le navigateur Microsoft Edge<\/em><\/strong><\/span><\/td>\r\n<td style=\"width: 50%;\"><span style=\"font-size: 12pt;\"><strong><em>ou le navigateur Firefox<\/em><\/strong><\/span><\/td>\r\n<\/tr>\r\n<tr>\r\n<td style=\"width: 25%;\"><span style=\"font-size: 12pt;\"><strong><em>Le texte avec l&rsquo;outil \u00ab\u00a0Texte\u00a0\u00bb et la signature avec l&rsquo;outil \u00ab\u00a0dessin\u00a0\u00bb\u00a0<\/em><\/strong><\/span><\/td>\r\n<td style=\"width: 25%;\"><span style=\"font-size: 12pt;\"><strong><em><img loading=\"lazy\" decoding=\"async\" class=\"alignnone size-medium wp-image-429\" src=\"https:\/\/ventsdevre.fr\/wpclone\/wp-content\/uploads\/2023\/12\/2023-12-09-17_17_03-Bulletin-souscription-pour-augm.-capital.pdf-et-3-pages-de-plus-Personnel-\u2013-Mi-300x39.png\" alt=\"\" width=\"300\" height=\"39\" srcset=\"https:\/\/ventsdevre.fr\/wpclone\/wp-content\/uploads\/2023\/12\/2023-12-09-17_17_03-Bulletin-souscription-pour-augm.-capital.pdf-et-3-pages-de-plus-Personnel-\u2013-Mi-300x39.png 300w, https:\/\/ventsdevre.fr\/wpclone\/wp-content\/uploads\/2023\/12\/2023-12-09-17_17_03-Bulletin-souscription-pour-augm.-capital.pdf-et-3-pages-de-plus-Personnel-\u2013-Mi.png 350w\" sizes=\"auto, (max-width: 300px) 100vw, 300px\" \/><\/em><\/strong><\/span><\/td>\r\n<td style=\"width: 50%;\"><span style=\"font-size: 12pt;\"><img loading=\"lazy\" decoding=\"async\" class=\"alignnone size-full wp-image-433\" src=\"https:\/\/ventsdevre.fr\/wpclone\/wp-content\/uploads\/2023\/12\/2023-12-09-17_37_08-Bulletin-souscription-pour-augm.-capital.pdf-\u2014-Mozilla-Firefox.png\" alt=\"\" width=\"173\" height=\"45\" \/><\/span><\/td>\r\n<\/tr>\r\n<tr>\r\n<td style=\"width: 25%;\"><span style=\"font-size: 12pt;\"><strong><em>Enregistrez\u00a0<\/em><\/strong><\/span><\/td>\r\n<td style=\"width: 25%;\"><span style=\"font-size: 12pt;\"><strong><em><img loading=\"lazy\" decoding=\"async\" class=\"alignnone size-full wp-image-430\" src=\"https:\/\/ventsdevre.fr\/wpclone\/wp-content\/uploads\/2023\/12\/2023-12-09-17_22_57-Bulletin-souscription-pour-augm.-capital.pdf-et-3-pages-de-plus-Personnel-\u2013-Mi.png\" alt=\"\" width=\"221\" height=\"56\" \/><\/em><\/strong><\/span><\/td>\r\n<td style=\"width: 50%;\"><span style=\"font-size: 12pt;\"><img loading=\"lazy\" decoding=\"async\" class=\"alignnone size-full wp-image-433\" src=\"https:\/\/ventsdevre.fr\/wpclone\/wp-content\/uploads\/2023\/12\/2023-12-09-17_37_08-Bulletin-souscription-pour-augm.-capital.pdf-\u2014-Mozilla-Firefox.png\" alt=\"\" width=\"173\" height=\"45\" \/><\/span><\/td>\r\n<\/tr>\r\n<\/tbody>\r\n<\/table>\r\n<p><span style=\"font-size: 12pt;\"><strong><em>puis envoyez-les en pi\u00e8ces jointes \u00e0 <\/em><\/strong><span style=\"color: #0000ff;\"><strong><em>eoliennesdufiefsauvin (arobase) gmail.com<\/em><\/strong><\/span><\/span><\/p>\r\n<p class=\"has-medium-font-size\"><strong><a href=\"https:\/\/ventsdevre.fr\/wpclone\/wp-content\/uploads\/2023\/11\/DIS-Version-2-du-19-sept.-2023.pdf\">Bulletin de souscription \u00e0 augmentation de capital et d\u2019avance en compte courant : <\/a><\/strong><\/p>\r\n\r\n\r\n\r\n<figure class=\"wp-block-image size-full\"><a href=\"https:\/\/ventsdevre.fr\/wpclone\/wp-content\/uploads\/2023\/12\/Bulletin-souscription-pour-augm.-capital.pdf\" target=\"_blank\" rel=\"noreferrer noopener\"><img loading=\"lazy\" decoding=\"async\" width=\"589\" height=\"437\" class=\"wp-image-348\" src=\"https:\/\/ventsdevre.fr\/wpclone\/wp-content\/uploads\/2023\/12\/image-1.png\" alt=\"\" srcset=\"https:\/\/ventsdevre.fr\/wpclone\/wp-content\/uploads\/2023\/12\/image-1.png 589w, https:\/\/ventsdevre.fr\/wpclone\/wp-content\/uploads\/2023\/12\/image-1-300x223.png 300w\" sizes=\"auto, (max-width: 589px) 100vw, 589px\" \/><\/a><\/figure>\r\n\r\n\r\n\r\n<p class=\"wp-block-heading\"><span style=\"font-size: 14pt; font-family: 'times new roman', times, serif;\"><a href=\"https:\/\/ventsdevre.fr\/wpclone\/wp-content\/uploads\/2023\/12\/Fiche-Etat-civil-.pdf\" target=\"_blank\" rel=\"noopener\">Documents \u00e0 fournir<\/a><\/span><\/p>\r\n\r\n\r\n\r\n<figure class=\"wp-block-image size-full\"><a href=\"https:\/\/ventsdevre.fr\/wpclone\/wp-content\/uploads\/2023\/12\/Fiche-Etat-civil-.pdf\" target=\"_blank\" rel=\"noreferrer noopener\"><img loading=\"lazy\" decoding=\"async\" width=\"727\" height=\"224\" class=\"wp-image-357\" src=\"https:\/\/ventsdevre.fr\/wpclone\/wp-content\/uploads\/2023\/12\/image-2.png\" alt=\"\" srcset=\"https:\/\/ventsdevre.fr\/wpclone\/wp-content\/uploads\/2023\/12\/image-2.png 727w, https:\/\/ventsdevre.fr\/wpclone\/wp-content\/uploads\/2023\/12\/image-2-300x92.png 300w\" sizes=\"auto, (max-width: 727px) 100vw, 727px\" \/><\/a><\/figure>\r\n\r\n\r\n\r\n<p>&nbsp;<\/p>\r\n<p><\/p>","protected":false},"excerpt":{"rendered":"<p>Note : apr\u00e8s avoir cliqu\u00e9 sur les documents ci-dessous,\u00a0au format pdf, vous pouvez les compl\u00e9ter en ligne, en utilisant\u00a0\u00a0 \u00a0 le navigateur Microsoft Edge ou &hellip; <\/p>\n","protected":false},"author":1,"featured_media":0,"comment_status":"closed","ping_status":"closed","sticky":false,"template":"","format":"standard","meta":{"cybocfi_hide_featured_image":"","footnotes":""},"categories":[17],"tags":[],"class_list":["post-338","post","type-post","status-publish","format-standard","hentry","category-sas-eoliennes-du-fief-sauvin"],"yoast_head":"<!-- This site is optimized with the Yoast SEO plugin v27.5 - https:\/\/yoast.com\/product\/yoast-seo-wordpress\/ -->\n<title>Investir dans la SAS en tant que citoyen - Vents d&#039;Evre - Les \u00e9oliennes du Fief-Sauvin<\/title>\n<meta name=\"robots\" content=\"index, follow, max-snippet:-1, max-image-preview:large, max-video-preview:-1\" \/>\n<link rel=\"canonical\" href=\"https:\/\/ventsdevre.fr\/wpclone\/2023\/12\/01\/investir-dans-la-sas-en-tant-que-citoyen\/\" \/>\n<meta property=\"og:locale\" content=\"fr_FR\" \/>\n<meta property=\"og:type\" content=\"article\" \/>\n<meta property=\"og:title\" content=\"Investir dans la SAS en tant que citoyen - Vents d&#039;Evre - Les \u00e9oliennes du Fief-Sauvin\" \/>\n<meta property=\"og:description\" content=\"Note : apr\u00e8s avoir cliqu\u00e9 sur les documents ci-dessous,\u00a0au format pdf, vous pouvez les compl\u00e9ter en ligne, en utilisant\u00a0\u00a0 \u00a0 le navigateur Microsoft Edge ou &hellip;\" \/>\n<meta property=\"og:url\" content=\"https:\/\/ventsdevre.fr\/wpclone\/2023\/12\/01\/investir-dans-la-sas-en-tant-que-citoyen\/\" \/>\n<meta property=\"og:site_name\" content=\"Vents d&#039;Evre - Les \u00e9oliennes du Fief-Sauvin\" \/>\n<meta property=\"article:published_time\" content=\"2023-12-01T18:06:13+00:00\" \/>\n<meta property=\"article:modified_time\" content=\"2023-12-09T16:43:52+00:00\" \/>\n<meta property=\"og:image\" content=\"https:\/\/ventsdevre.fr\/wpclone\/wp-content\/uploads\/2023\/12\/image-1024x569.png\" \/>\n<meta name=\"author\" content=\"adminventsdevre\" \/>\n<meta name=\"twitter:card\" content=\"summary_large_image\" \/>\n<meta name=\"twitter:label1\" content=\"\u00c9crit par\" \/>\n\t<meta name=\"twitter:data1\" content=\"adminventsdevre\" \/>\n<script type=\"application\/ld+json\" class=\"yoast-schema-graph\">{\"@context\":\"https:\\\/\\\/schema.org\",\"@graph\":[{\"@type\":\"Article\",\"@id\":\"https:\\\/\\\/ventsdevre.fr\\\/wpclone\\\/2023\\\/12\\\/01\\\/investir-dans-la-sas-en-tant-que-citoyen\\\/#article\",\"isPartOf\":{\"@id\":\"https:\\\/\\\/ventsdevre.fr\\\/wpclone\\\/2023\\\/12\\\/01\\\/investir-dans-la-sas-en-tant-que-citoyen\\\/\"},\"author\":{\"name\":\"adminventsdevre\",\"@id\":\"https:\\\/\\\/ventsdevre.fr\\\/wpclone\\\/#\\\/schema\\\/person\\\/673b971d166d58d5991300d69ba1f876\"},\"headline\":\"Investir dans la SAS en tant que citoyen\",\"datePublished\":\"2023-12-01T18:06:13+00:00\",\"dateModified\":\"2023-12-09T16:43:52+00:00\",\"mainEntityOfPage\":{\"@id\":\"https:\\\/\\\/ventsdevre.fr\\\/wpclone\\\/2023\\\/12\\\/01\\\/investir-dans-la-sas-en-tant-que-citoyen\\\/\"},\"wordCount\":76,\"publisher\":{\"@id\":\"https:\\\/\\\/ventsdevre.fr\\\/wpclone\\\/#organization\"},\"image\":{\"@id\":\"https:\\\/\\\/ventsdevre.fr\\\/wpclone\\\/2023\\\/12\\\/01\\\/investir-dans-la-sas-en-tant-que-citoyen\\\/#primaryimage\"},\"thumbnailUrl\":\"https:\\\/\\\/ventsdevre.fr\\\/wpclone\\\/wp-content\\\/uploads\\\/2023\\\/12\\\/image-1024x569.png\",\"articleSection\":[\"SAS Eoliennes du Fief-Sauvin\"],\"inLanguage\":\"fr-FR\"},{\"@type\":\"WebPage\",\"@id\":\"https:\\\/\\\/ventsdevre.fr\\\/wpclone\\\/2023\\\/12\\\/01\\\/investir-dans-la-sas-en-tant-que-citoyen\\\/\",\"url\":\"https:\\\/\\\/ventsdevre.fr\\\/wpclone\\\/2023\\\/12\\\/01\\\/investir-dans-la-sas-en-tant-que-citoyen\\\/\",\"name\":\"Investir dans la SAS en tant que citoyen - Vents d&#039;Evre - Les \u00e9oliennes du Fief-Sauvin\",\"isPartOf\":{\"@id\":\"https:\\\/\\\/ventsdevre.fr\\\/wpclone\\\/#website\"},\"primaryImageOfPage\":{\"@id\":\"https:\\\/\\\/ventsdevre.fr\\\/wpclone\\\/2023\\\/12\\\/01\\\/investir-dans-la-sas-en-tant-que-citoyen\\\/#primaryimage\"},\"image\":{\"@id\":\"https:\\\/\\\/ventsdevre.fr\\\/wpclone\\\/2023\\\/12\\\/01\\\/investir-dans-la-sas-en-tant-que-citoyen\\\/#primaryimage\"},\"thumbnailUrl\":\"https:\\\/\\\/ventsdevre.fr\\\/wpclone\\\/wp-content\\\/uploads\\\/2023\\\/12\\\/image-1024x569.png\",\"datePublished\":\"2023-12-01T18:06:13+00:00\",\"dateModified\":\"2023-12-09T16:43:52+00:00\",\"breadcrumb\":{\"@id\":\"https:\\\/\\\/ventsdevre.fr\\\/wpclone\\\/2023\\\/12\\\/01\\\/investir-dans-la-sas-en-tant-que-citoyen\\\/#breadcrumb\"},\"inLanguage\":\"fr-FR\",\"potentialAction\":[{\"@type\":\"ReadAction\",\"target\":[\"https:\\\/\\\/ventsdevre.fr\\\/wpclone\\\/2023\\\/12\\\/01\\\/investir-dans-la-sas-en-tant-que-citoyen\\\/\"]}]},{\"@type\":\"ImageObject\",\"inLanguage\":\"fr-FR\",\"@id\":\"https:\\\/\\\/ventsdevre.fr\\\/wpclone\\\/2023\\\/12\\\/01\\\/investir-dans-la-sas-en-tant-que-citoyen\\\/#primaryimage\",\"url\":\"https:\\\/\\\/ventsdevre.fr\\\/wpclone\\\/wp-content\\\/uploads\\\/2023\\\/12\\\/image.png\",\"contentUrl\":\"https:\\\/\\\/ventsdevre.fr\\\/wpclone\\\/wp-content\\\/uploads\\\/2023\\\/12\\\/image.png\",\"width\":1347,\"height\":749},{\"@type\":\"BreadcrumbList\",\"@id\":\"https:\\\/\\\/ventsdevre.fr\\\/wpclone\\\/2023\\\/12\\\/01\\\/investir-dans-la-sas-en-tant-que-citoyen\\\/#breadcrumb\",\"itemListElement\":[{\"@type\":\"ListItem\",\"position\":1,\"name\":\"Accueil\",\"item\":\"https:\\\/\\\/ventsdevre.fr\\\/wpclone\\\/\"},{\"@type\":\"ListItem\",\"position\":2,\"name\":\"Investir dans la SAS en tant que citoyen\"}]},{\"@type\":\"WebSite\",\"@id\":\"https:\\\/\\\/ventsdevre.fr\\\/wpclone\\\/#website\",\"url\":\"https:\\\/\\\/ventsdevre.fr\\\/wpclone\\\/\",\"name\":\"Vents d&#039;Evre - Les \u00e9oliennes du Fief-Sauvin\",\"description\":\"parc \u00e9olien 100 % citoyen et territoire Fief-Sauvin\",\"publisher\":{\"@id\":\"https:\\\/\\\/ventsdevre.fr\\\/wpclone\\\/#organization\"},\"potentialAction\":[{\"@type\":\"SearchAction\",\"target\":{\"@type\":\"EntryPoint\",\"urlTemplate\":\"https:\\\/\\\/ventsdevre.fr\\\/wpclone\\\/?s={search_term_string}\"},\"query-input\":{\"@type\":\"PropertyValueSpecification\",\"valueRequired\":true,\"valueName\":\"search_term_string\"}}],\"inLanguage\":\"fr-FR\"},{\"@type\":\"Organization\",\"@id\":\"https:\\\/\\\/ventsdevre.fr\\\/wpclone\\\/#organization\",\"name\":\"Vents d&#039;Evre - Les \u00e9oliennes du Fief-Sauvin\",\"url\":\"https:\\\/\\\/ventsdevre.fr\\\/wpclone\\\/\",\"logo\":{\"@type\":\"ImageObject\",\"inLanguage\":\"fr-FR\",\"@id\":\"https:\\\/\\\/ventsdevre.fr\\\/wpclone\\\/#\\\/schema\\\/logo\\\/image\\\/\",\"url\":\"https:\\\/\\\/ventsdevre.fr\\\/wpclone\\\/wp-content\\\/uploads\\\/2023\\\/12\\\/logo2.png\",\"contentUrl\":\"https:\\\/\\\/ventsdevre.fr\\\/wpclone\\\/wp-content\\\/uploads\\\/2023\\\/12\\\/logo2.png\",\"width\":272,\"height\":172,\"caption\":\"Vents d&#039;Evre - Les \u00e9oliennes du Fief-Sauvin\"},\"image\":{\"@id\":\"https:\\\/\\\/ventsdevre.fr\\\/wpclone\\\/#\\\/schema\\\/logo\\\/image\\\/\"}},{\"@type\":\"Person\",\"@id\":\"https:\\\/\\\/ventsdevre.fr\\\/wpclone\\\/#\\\/schema\\\/person\\\/673b971d166d58d5991300d69ba1f876\",\"name\":\"adminventsdevre\",\"image\":{\"@type\":\"ImageObject\",\"inLanguage\":\"fr-FR\",\"@id\":\"https:\\\/\\\/secure.gravatar.com\\\/avatar\\\/4e06d2eea47398bcaa93526bcc7a0022743c7dc84c07c34eee5792e14049d6ed?s=96&d=mm&r=g\",\"url\":\"https:\\\/\\\/secure.gravatar.com\\\/avatar\\\/4e06d2eea47398bcaa93526bcc7a0022743c7dc84c07c34eee5792e14049d6ed?s=96&d=mm&r=g\",\"contentUrl\":\"https:\\\/\\\/secure.gravatar.com\\\/avatar\\\/4e06d2eea47398bcaa93526bcc7a0022743c7dc84c07c34eee5792e14049d6ed?s=96&d=mm&r=g\",\"caption\":\"adminventsdevre\"},\"sameAs\":[\"https:\\\/\\\/ventsdevre.fr\\\/wpclone\"],\"url\":\"https:\\\/\\\/ventsdevre.fr\\\/wpclone\\\/author\\\/adminventsdevre\\\/\"}]}<\/script>\n<!-- \/ Yoast SEO plugin. -->","yoast_head_json":{"title":"Investir dans la SAS en tant que citoyen - Vents d&#039;Evre - Les \u00e9oliennes du Fief-Sauvin","robots":{"index":"index","follow":"follow","max-snippet":"max-snippet:-1","max-image-preview":"max-image-preview:large","max-video-preview":"max-video-preview:-1"},"canonical":"https:\/\/ventsdevre.fr\/wpclone\/2023\/12\/01\/investir-dans-la-sas-en-tant-que-citoyen\/","og_locale":"fr_FR","og_type":"article","og_title":"Investir dans la SAS en tant que citoyen - Vents d&#039;Evre - Les \u00e9oliennes du Fief-Sauvin","og_description":"Note : apr\u00e8s avoir cliqu\u00e9 sur les documents ci-dessous,\u00a0au format pdf, vous pouvez les compl\u00e9ter en ligne, en utilisant\u00a0\u00a0 \u00a0 le navigateur Microsoft Edge ou &hellip;","og_url":"https:\/\/ventsdevre.fr\/wpclone\/2023\/12\/01\/investir-dans-la-sas-en-tant-que-citoyen\/","og_site_name":"Vents d&#039;Evre - Les \u00e9oliennes du Fief-Sauvin","article_published_time":"2023-12-01T18:06:13+00:00","article_modified_time":"2023-12-09T16:43:52+00:00","og_image":[{"url":"https:\/\/ventsdevre.fr\/wpclone\/wp-content\/uploads\/2023\/12\/image-1024x569.png","type":"","width":"","height":""}],"author":"adminventsdevre","twitter_card":"summary_large_image","twitter_misc":{"\u00c9crit par":"adminventsdevre"},"schema":{"@context":"https:\/\/schema.org","@graph":[{"@type":"Article","@id":"https:\/\/ventsdevre.fr\/wpclone\/2023\/12\/01\/investir-dans-la-sas-en-tant-que-citoyen\/#article","isPartOf":{"@id":"https:\/\/ventsdevre.fr\/wpclone\/2023\/12\/01\/investir-dans-la-sas-en-tant-que-citoyen\/"},"author":{"name":"adminventsdevre","@id":"https:\/\/ventsdevre.fr\/wpclone\/#\/schema\/person\/673b971d166d58d5991300d69ba1f876"},"headline":"Investir dans la SAS en tant que citoyen","datePublished":"2023-12-01T18:06:13+00:00","dateModified":"2023-12-09T16:43:52+00:00","mainEntityOfPage":{"@id":"https:\/\/ventsdevre.fr\/wpclone\/2023\/12\/01\/investir-dans-la-sas-en-tant-que-citoyen\/"},"wordCount":76,"publisher":{"@id":"https:\/\/ventsdevre.fr\/wpclone\/#organization"},"image":{"@id":"https:\/\/ventsdevre.fr\/wpclone\/2023\/12\/01\/investir-dans-la-sas-en-tant-que-citoyen\/#primaryimage"},"thumbnailUrl":"https:\/\/ventsdevre.fr\/wpclone\/wp-content\/uploads\/2023\/12\/image-1024x569.png","articleSection":["SAS Eoliennes du Fief-Sauvin"],"inLanguage":"fr-FR"},{"@type":"WebPage","@id":"https:\/\/ventsdevre.fr\/wpclone\/2023\/12\/01\/investir-dans-la-sas-en-tant-que-citoyen\/","url":"https:\/\/ventsdevre.fr\/wpclone\/2023\/12\/01\/investir-dans-la-sas-en-tant-que-citoyen\/","name":"Investir dans la SAS en tant que citoyen - Vents d&#039;Evre - Les \u00e9oliennes du Fief-Sauvin","isPartOf":{"@id":"https:\/\/ventsdevre.fr\/wpclone\/#website"},"primaryImageOfPage":{"@id":"https:\/\/ventsdevre.fr\/wpclone\/2023\/12\/01\/investir-dans-la-sas-en-tant-que-citoyen\/#primaryimage"},"image":{"@id":"https:\/\/ventsdevre.fr\/wpclone\/2023\/12\/01\/investir-dans-la-sas-en-tant-que-citoyen\/#primaryimage"},"thumbnailUrl":"https:\/\/ventsdevre.fr\/wpclone\/wp-content\/uploads\/2023\/12\/image-1024x569.png","datePublished":"2023-12-01T18:06:13+00:00","dateModified":"2023-12-09T16:43:52+00:00","breadcrumb":{"@id":"https:\/\/ventsdevre.fr\/wpclone\/2023\/12\/01\/investir-dans-la-sas-en-tant-que-citoyen\/#breadcrumb"},"inLanguage":"fr-FR","potentialAction":[{"@type":"ReadAction","target":["https:\/\/ventsdevre.fr\/wpclone\/2023\/12\/01\/investir-dans-la-sas-en-tant-que-citoyen\/"]}]},{"@type":"ImageObject","inLanguage":"fr-FR","@id":"https:\/\/ventsdevre.fr\/wpclone\/2023\/12\/01\/investir-dans-la-sas-en-tant-que-citoyen\/#primaryimage","url":"https:\/\/ventsdevre.fr\/wpclone\/wp-content\/uploads\/2023\/12\/image.png","contentUrl":"https:\/\/ventsdevre.fr\/wpclone\/wp-content\/uploads\/2023\/12\/image.png","width":1347,"height":749},{"@type":"BreadcrumbList","@id":"https:\/\/ventsdevre.fr\/wpclone\/2023\/12\/01\/investir-dans-la-sas-en-tant-que-citoyen\/#breadcrumb","itemListElement":[{"@type":"ListItem","position":1,"name":"Accueil","item":"https:\/\/ventsdevre.fr\/wpclone\/"},{"@type":"ListItem","position":2,"name":"Investir dans la SAS en tant que citoyen"}]},{"@type":"WebSite","@id":"https:\/\/ventsdevre.fr\/wpclone\/#website","url":"https:\/\/ventsdevre.fr\/wpclone\/","name":"Vents d&#039;Evre - Les \u00e9oliennes du Fief-Sauvin","description":"parc \u00e9olien 100 % citoyen et territoire Fief-Sauvin","publisher":{"@id":"https:\/\/ventsdevre.fr\/wpclone\/#organization"},"potentialAction":[{"@type":"SearchAction","target":{"@type":"EntryPoint","urlTemplate":"https:\/\/ventsdevre.fr\/wpclone\/?s={search_term_string}"},"query-input":{"@type":"PropertyValueSpecification","valueRequired":true,"valueName":"search_term_string"}}],"inLanguage":"fr-FR"},{"@type":"Organization","@id":"https:\/\/ventsdevre.fr\/wpclone\/#organization","name":"Vents d&#039;Evre - Les \u00e9oliennes du Fief-Sauvin","url":"https:\/\/ventsdevre.fr\/wpclone\/","logo":{"@type":"ImageObject","inLanguage":"fr-FR","@id":"https:\/\/ventsdevre.fr\/wpclone\/#\/schema\/logo\/image\/","url":"https:\/\/ventsdevre.fr\/wpclone\/wp-content\/uploads\/2023\/12\/logo2.png","contentUrl":"https:\/\/ventsdevre.fr\/wpclone\/wp-content\/uploads\/2023\/12\/logo2.png","width":272,"height":172,"caption":"Vents d&#039;Evre - Les \u00e9oliennes du Fief-Sauvin"},"image":{"@id":"https:\/\/ventsdevre.fr\/wpclone\/#\/schema\/logo\/image\/"}},{"@type":"Person","@id":"https:\/\/ventsdevre.fr\/wpclone\/#\/schema\/person\/673b971d166d58d5991300d69ba1f876","name":"adminventsdevre","image":{"@type":"ImageObject","inLanguage":"fr-FR","@id":"https:\/\/secure.gravatar.com\/avatar\/4e06d2eea47398bcaa93526bcc7a0022743c7dc84c07c34eee5792e14049d6ed?s=96&d=mm&r=g","url":"https:\/\/secure.gravatar.com\/avatar\/4e06d2eea47398bcaa93526bcc7a0022743c7dc84c07c34eee5792e14049d6ed?s=96&d=mm&r=g","contentUrl":"https:\/\/secure.gravatar.com\/avatar\/4e06d2eea47398bcaa93526bcc7a0022743c7dc84c07c34eee5792e14049d6ed?s=96&d=mm&r=g","caption":"adminventsdevre"},"sameAs":["https:\/\/ventsdevre.fr\/wpclone"],"url":"https:\/\/ventsdevre.fr\/wpclone\/author\/adminventsdevre\/"}]}},"_links":{"self":[{"href":"https:\/\/ventsdevre.fr\/wpclone\/wp-json\/wp\/v2\/posts\/338","targetHints":{"allow":["GET"]}}],"collection":[{"href":"https:\/\/ventsdevre.fr\/wpclone\/wp-json\/wp\/v2\/posts"}],"about":[{"href":"https:\/\/ventsdevre.fr\/wpclone\/wp-json\/wp\/v2\/types\/post"}],"author":[{"embeddable":true,"href":"https:\/\/ventsdevre.fr\/wpclone\/wp-json\/wp\/v2\/users\/1"}],"replies":[{"embeddable":true,"href":"https:\/\/ventsdevre.fr\/wpclone\/wp-json\/wp\/v2\/comments?post=338"}],"version-history":[{"count":17,"href":"https:\/\/ventsdevre.fr\/wpclone\/wp-json\/wp\/v2\/posts\/338\/revisions"}],"predecessor-version":[{"id":428,"href":"https:\/\/ventsdevre.fr\/wpclone\/wp-json\/wp\/v2\/posts\/338\/revisions\/428"}],"wp:attachment":[{"href":"https:\/\/ventsdevre.fr\/wpclone\/wp-json\/wp\/v2\/media?parent=338"}],"wp:term":[{"taxonomy":"category","embeddable":true,"href":"https:\/\/ventsdevre.fr\/wpclone\/wp-json\/wp\/v2\/categories?post=338"},{"taxonomy":"post_tag","embeddable":true,"href":"https:\/\/ventsdevre.fr\/wpclone\/wp-json\/wp\/v2\/tags?post=338"}],"curies":[{"name":"wp","href":"https:\/\/api.w.org\/{rel}","templated":true}]}}