{"id":336,"date":"2023-12-01T19:05:42","date_gmt":"2023-12-01T18:05:42","guid":{"rendered":"https:\/\/ventsdevre.fr\/wpclone\/?p=336"},"modified":"2023-12-01T19:05:42","modified_gmt":"2023-12-01T18:05:42","slug":"adherer-a-la-sas","status":"publish","type":"post","link":"https:\/\/ventsdevre.fr\/wpclone\/2023\/12\/01\/adherer-a-la-sas\/","title":{"rendered":"Adh\u00e9rer \u00e0 la SAS"},"content":{"rendered":"","protected":false},"excerpt":{"rendered":"","protected":false},"author":1,"featured_media":0,"comment_status":"closed","ping_status":"closed","sticky":false,"template":"","format":"standard","meta":{"cybocfi_hide_featured_image":"","footnotes":""},"categories":[17],"tags":[],"class_list":["post-336","post","type-post","status-publish","format-standard","hentry","category-sas-eoliennes-du-fief-sauvin"],"yoast_head":"<!-- This site is optimized with the Yoast SEO plugin v27.5 - https:\/\/yoast.com\/product\/yoast-seo-wordpress\/ -->\n<title>Adh\u00e9rer \u00e0 la SAS - Vents d&#039;Evre - Les \u00e9oliennes du Fief-Sauvin<\/title>\n<meta name=\"robots\" content=\"index, follow, max-snippet:-1, max-image-preview:large, max-video-preview:-1\" \/>\n<link rel=\"canonical\" href=\"https:\/\/ventsdevre.fr\/wpclone\/2023\/12\/01\/adherer-a-la-sas\/\" \/>\n<meta property=\"og:locale\" content=\"fr_FR\" \/>\n<meta property=\"og:type\" content=\"article\" \/>\n<meta property=\"og:title\" content=\"Adh\u00e9rer \u00e0 la SAS - Vents d&#039;Evre - Les \u00e9oliennes du Fief-Sauvin\" \/>\n<meta property=\"og:url\" content=\"https:\/\/ventsdevre.fr\/wpclone\/2023\/12\/01\/adherer-a-la-sas\/\" \/>\n<meta property=\"og:site_name\" content=\"Vents d&#039;Evre - Les \u00e9oliennes du Fief-Sauvin\" \/>\n<meta property=\"article:published_time\" content=\"2023-12-01T18:05:42+00:00\" \/>\n<meta name=\"author\" content=\"adminventsdevre\" \/>\n<meta name=\"twitter:card\" content=\"summary_large_image\" \/>\n<meta name=\"twitter:label1\" content=\"\u00c9crit par\" \/>\n\t<meta name=\"twitter:data1\" content=\"adminventsdevre\" \/>\n<script type=\"application\/ld+json\" class=\"yoast-schema-graph\">{\"@context\":\"https:\\\/\\\/schema.org\",\"@graph\":[{\"@type\":\"Article\",\"@id\":\"https:\\\/\\\/ventsdevre.fr\\\/wpclone\\\/2023\\\/12\\\/01\\\/adherer-a-la-sas\\\/#article\",\"isPartOf\":{\"@id\":\"https:\\\/\\\/ventsdevre.fr\\\/wpclone\\\/2023\\\/12\\\/01\\\/adherer-a-la-sas\\\/\"},\"author\":{\"name\":\"adminventsdevre\",\"@id\":\"https:\\\/\\\/ventsdevre.fr\\\/wpclone\\\/#\\\/schema\\\/person\\\/673b971d166d58d5991300d69ba1f876\"},\"headline\":\"Adh\u00e9rer \u00e0 la SAS\",\"datePublished\":\"2023-12-01T18:05:42+00:00\",\"mainEntityOfPage\":{\"@id\":\"https:\\\/\\\/ventsdevre.fr\\\/wpclone\\\/2023\\\/12\\\/01\\\/adherer-a-la-sas\\\/\"},\"wordCount\":4,\"publisher\":{\"@id\":\"https:\\\/\\\/ventsdevre.fr\\\/wpclone\\\/#organization\"},\"articleSection\":[\"SAS Eoliennes du Fief-Sauvin\"],\"inLanguage\":\"fr-FR\"},{\"@type\":\"WebPage\",\"@id\":\"https:\\\/\\\/ventsdevre.fr\\\/wpclone\\\/2023\\\/12\\\/01\\\/adherer-a-la-sas\\\/\",\"url\":\"https:\\\/\\\/ventsdevre.fr\\\/wpclone\\\/2023\\\/12\\\/01\\\/adherer-a-la-sas\\\/\",\"name\":\"Adh\u00e9rer \u00e0 la SAS - Vents d&#039;Evre - Les \u00e9oliennes du Fief-Sauvin\",\"isPartOf\":{\"@id\":\"https:\\\/\\\/ventsdevre.fr\\\/wpclone\\\/#website\"},\"datePublished\":\"2023-12-01T18:05:42+00:00\",\"breadcrumb\":{\"@id\":\"https:\\\/\\\/ventsdevre.fr\\\/wpclone\\\/2023\\\/12\\\/01\\\/adherer-a-la-sas\\\/#breadcrumb\"},\"inLanguage\":\"fr-FR\",\"potentialAction\":[{\"@type\":\"ReadAction\",\"target\":[\"https:\\\/\\\/ventsdevre.fr\\\/wpclone\\\/2023\\\/12\\\/01\\\/adherer-a-la-sas\\\/\"]}]},{\"@type\":\"BreadcrumbList\",\"@id\":\"https:\\\/\\\/ventsdevre.fr\\\/wpclone\\\/2023\\\/12\\\/01\\\/adherer-a-la-sas\\\/#breadcrumb\",\"itemListElement\":[{\"@type\":\"ListItem\",\"position\":1,\"name\":\"Accueil\",\"item\":\"https:\\\/\\\/ventsdevre.fr\\\/wpclone\\\/\"},{\"@type\":\"ListItem\",\"position\":2,\"name\":\"Adh\u00e9rer \u00e0 la SAS\"}]},{\"@type\":\"WebSite\",\"@id\":\"https:\\\/\\\/ventsdevre.fr\\\/wpclone\\\/#website\",\"url\":\"https:\\\/\\\/ventsdevre.fr\\\/wpclone\\\/\",\"name\":\"Vents d&#039;Evre - Les \u00e9oliennes du Fief-Sauvin\",\"description\":\"parc \u00e9olien 100 % citoyen et territoire Fief-Sauvin\",\"publisher\":{\"@id\":\"https:\\\/\\\/ventsdevre.fr\\\/wpclone\\\/#organization\"},\"potentialAction\":[{\"@type\":\"SearchAction\",\"target\":{\"@type\":\"EntryPoint\",\"urlTemplate\":\"https:\\\/\\\/ventsdevre.fr\\\/wpclone\\\/?s={search_term_string}\"},\"query-input\":{\"@type\":\"PropertyValueSpecification\",\"valueRequired\":true,\"valueName\":\"search_term_string\"}}],\"inLanguage\":\"fr-FR\"},{\"@type\":\"Organization\",\"@id\":\"https:\\\/\\\/ventsdevre.fr\\\/wpclone\\\/#organization\",\"name\":\"Vents d&#039;Evre - Les \u00e9oliennes du Fief-Sauvin\",\"url\":\"https:\\\/\\\/ventsdevre.fr\\\/wpclone\\\/\",\"logo\":{\"@type\":\"ImageObject\",\"inLanguage\":\"fr-FR\",\"@id\":\"https:\\\/\\\/ventsdevre.fr\\\/wpclone\\\/#\\\/schema\\\/logo\\\/image\\\/\",\"url\":\"https:\\\/\\\/ventsdevre.fr\\\/wpclone\\\/wp-content\\\/uploads\\\/2023\\\/12\\\/logo2.png\",\"contentUrl\":\"https:\\\/\\\/ventsdevre.fr\\\/wpclone\\\/wp-content\\\/uploads\\\/2023\\\/12\\\/logo2.png\",\"width\":272,\"height\":172,\"caption\":\"Vents d&#039;Evre - Les \u00e9oliennes du Fief-Sauvin\"},\"image\":{\"@id\":\"https:\\\/\\\/ventsdevre.fr\\\/wpclone\\\/#\\\/schema\\\/logo\\\/image\\\/\"}},{\"@type\":\"Person\",\"@id\":\"https:\\\/\\\/ventsdevre.fr\\\/wpclone\\\/#\\\/schema\\\/person\\\/673b971d166d58d5991300d69ba1f876\",\"name\":\"adminventsdevre\",\"image\":{\"@type\":\"ImageObject\",\"inLanguage\":\"fr-FR\",\"@id\":\"https:\\\/\\\/secure.gravatar.com\\\/avatar\\\/4e06d2eea47398bcaa93526bcc7a0022743c7dc84c07c34eee5792e14049d6ed?s=96&d=mm&r=g\",\"url\":\"https:\\\/\\\/secure.gravatar.com\\\/avatar\\\/4e06d2eea47398bcaa93526bcc7a0022743c7dc84c07c34eee5792e14049d6ed?s=96&d=mm&r=g\",\"contentUrl\":\"https:\\\/\\\/secure.gravatar.com\\\/avatar\\\/4e06d2eea47398bcaa93526bcc7a0022743c7dc84c07c34eee5792e14049d6ed?s=96&d=mm&r=g\",\"caption\":\"adminventsdevre\"},\"sameAs\":[\"https:\\\/\\\/ventsdevre.fr\\\/wpclone\"],\"url\":\"https:\\\/\\\/ventsdevre.fr\\\/wpclone\\\/author\\\/adminventsdevre\\\/\"}]}<\/script>\n<!-- \/ Yoast SEO plugin. -->","yoast_head_json":{"title":"Adh\u00e9rer \u00e0 la SAS - Vents d&#039;Evre - Les \u00e9oliennes du Fief-Sauvin","robots":{"index":"index","follow":"follow","max-snippet":"max-snippet:-1","max-image-preview":"max-image-preview:large","max-video-preview":"max-video-preview:-1"},"canonical":"https:\/\/ventsdevre.fr\/wpclone\/2023\/12\/01\/adherer-a-la-sas\/","og_locale":"fr_FR","og_type":"article","og_title":"Adh\u00e9rer \u00e0 la SAS - Vents d&#039;Evre - Les \u00e9oliennes du Fief-Sauvin","og_url":"https:\/\/ventsdevre.fr\/wpclone\/2023\/12\/01\/adherer-a-la-sas\/","og_site_name":"Vents d&#039;Evre - Les \u00e9oliennes du Fief-Sauvin","article_published_time":"2023-12-01T18:05:42+00:00","author":"adminventsdevre","twitter_card":"summary_large_image","twitter_misc":{"\u00c9crit par":"adminventsdevre"},"schema":{"@context":"https:\/\/schema.org","@graph":[{"@type":"Article","@id":"https:\/\/ventsdevre.fr\/wpclone\/2023\/12\/01\/adherer-a-la-sas\/#article","isPartOf":{"@id":"https:\/\/ventsdevre.fr\/wpclone\/2023\/12\/01\/adherer-a-la-sas\/"},"author":{"name":"adminventsdevre","@id":"https:\/\/ventsdevre.fr\/wpclone\/#\/schema\/person\/673b971d166d58d5991300d69ba1f876"},"headline":"Adh\u00e9rer \u00e0 la SAS","datePublished":"2023-12-01T18:05:42+00:00","mainEntityOfPage":{"@id":"https:\/\/ventsdevre.fr\/wpclone\/2023\/12\/01\/adherer-a-la-sas\/"},"wordCount":4,"publisher":{"@id":"https:\/\/ventsdevre.fr\/wpclone\/#organization"},"articleSection":["SAS Eoliennes du Fief-Sauvin"],"inLanguage":"fr-FR"},{"@type":"WebPage","@id":"https:\/\/ventsdevre.fr\/wpclone\/2023\/12\/01\/adherer-a-la-sas\/","url":"https:\/\/ventsdevre.fr\/wpclone\/2023\/12\/01\/adherer-a-la-sas\/","name":"Adh\u00e9rer \u00e0 la SAS - Vents d&#039;Evre - Les \u00e9oliennes du Fief-Sauvin","isPartOf":{"@id":"https:\/\/ventsdevre.fr\/wpclone\/#website"},"datePublished":"2023-12-01T18:05:42+00:00","breadcrumb":{"@id":"https:\/\/ventsdevre.fr\/wpclone\/2023\/12\/01\/adherer-a-la-sas\/#breadcrumb"},"inLanguage":"fr-FR","potentialAction":[{"@type":"ReadAction","target":["https:\/\/ventsdevre.fr\/wpclone\/2023\/12\/01\/adherer-a-la-sas\/"]}]},{"@type":"BreadcrumbList","@id":"https:\/\/ventsdevre.fr\/wpclone\/2023\/12\/01\/adherer-a-la-sas\/#breadcrumb","itemListElement":[{"@type":"ListItem","position":1,"name":"Accueil","item":"https:\/\/ventsdevre.fr\/wpclone\/"},{"@type":"ListItem","position":2,"name":"Adh\u00e9rer \u00e0 la SAS"}]},{"@type":"WebSite","@id":"https:\/\/ventsdevre.fr\/wpclone\/#website","url":"https:\/\/ventsdevre.fr\/wpclone\/","name":"Vents d&#039;Evre - Les \u00e9oliennes du Fief-Sauvin","description":"parc \u00e9olien 100 % citoyen et territoire Fief-Sauvin","publisher":{"@id":"https:\/\/ventsdevre.fr\/wpclone\/#organization"},"potentialAction":[{"@type":"SearchAction","target":{"@type":"EntryPoint","urlTemplate":"https:\/\/ventsdevre.fr\/wpclone\/?s={search_term_string}"},"query-input":{"@type":"PropertyValueSpecification","valueRequired":true,"valueName":"search_term_string"}}],"inLanguage":"fr-FR"},{"@type":"Organization","@id":"https:\/\/ventsdevre.fr\/wpclone\/#organization","name":"Vents d&#039;Evre - Les \u00e9oliennes du Fief-Sauvin","url":"https:\/\/ventsdevre.fr\/wpclone\/","logo":{"@type":"ImageObject","inLanguage":"fr-FR","@id":"https:\/\/ventsdevre.fr\/wpclone\/#\/schema\/logo\/image\/","url":"https:\/\/ventsdevre.fr\/wpclone\/wp-content\/uploads\/2023\/12\/logo2.png","contentUrl":"https:\/\/ventsdevre.fr\/wpclone\/wp-content\/uploads\/2023\/12\/logo2.png","width":272,"height":172,"caption":"Vents d&#039;Evre - Les \u00e9oliennes du Fief-Sauvin"},"image":{"@id":"https:\/\/ventsdevre.fr\/wpclone\/#\/schema\/logo\/image\/"}},{"@type":"Person","@id":"https:\/\/ventsdevre.fr\/wpclone\/#\/schema\/person\/673b971d166d58d5991300d69ba1f876","name":"adminventsdevre","image":{"@type":"ImageObject","inLanguage":"fr-FR","@id":"https:\/\/secure.gravatar.com\/avatar\/4e06d2eea47398bcaa93526bcc7a0022743c7dc84c07c34eee5792e14049d6ed?s=96&d=mm&r=g","url":"https:\/\/secure.gravatar.com\/avatar\/4e06d2eea47398bcaa93526bcc7a0022743c7dc84c07c34eee5792e14049d6ed?s=96&d=mm&r=g","contentUrl":"https:\/\/secure.gravatar.com\/avatar\/4e06d2eea47398bcaa93526bcc7a0022743c7dc84c07c34eee5792e14049d6ed?s=96&d=mm&r=g","caption":"adminventsdevre"},"sameAs":["https:\/\/ventsdevre.fr\/wpclone"],"url":"https:\/\/ventsdevre.fr\/wpclone\/author\/adminventsdevre\/"}]}},"_links":{"self":[{"href":"https:\/\/ventsdevre.fr\/wpclone\/wp-json\/wp\/v2\/posts\/336","targetHints":{"allow":["GET"]}}],"collection":[{"href":"https:\/\/ventsdevre.fr\/wpclone\/wp-json\/wp\/v2\/posts"}],"about":[{"href":"https:\/\/ventsdevre.fr\/wpclone\/wp-json\/wp\/v2\/types\/post"}],"author":[{"embeddable":true,"href":"https:\/\/ventsdevre.fr\/wpclone\/wp-json\/wp\/v2\/users\/1"}],"replies":[{"embeddable":true,"href":"https:\/\/ventsdevre.fr\/wpclone\/wp-json\/wp\/v2\/comments?post=336"}],"version-history":[{"count":1,"href":"https:\/\/ventsdevre.fr\/wpclone\/wp-json\/wp\/v2\/posts\/336\/revisions"}],"predecessor-version":[{"id":337,"href":"https:\/\/ventsdevre.fr\/wpclone\/wp-json\/wp\/v2\/posts\/336\/revisions\/337"}],"wp:attachment":[{"href":"https:\/\/ventsdevre.fr\/wpclone\/wp-json\/wp\/v2\/media?parent=336"}],"wp:term":[{"taxonomy":"category","embeddable":true,"href":"https:\/\/ventsdevre.fr\/wpclone\/wp-json\/wp\/v2\/categories?post=336"},{"taxonomy":"post_tag","embeddable":true,"href":"https:\/\/ventsdevre.fr\/wpclone\/wp-json\/wp\/v2\/tags?post=336"}],"curies":[{"name":"wp","href":"https:\/\/api.w.org\/{rel}","templated":true}]}}