{"id":277,"date":"2023-11-28T18:58:16","date_gmt":"2023-11-28T17:58:16","guid":{"rendered":"https:\/\/ventsdevre.fr\/wpclone\/?p=277"},"modified":"2023-12-22T16:45:58","modified_gmt":"2023-12-22T15:45:58","slug":"jallais-17-octobre-2023","status":"publish","type":"post","link":"https:\/\/ventsdevre.fr\/wpclone\/2023\/11\/28\/jallais-17-octobre-2023\/","title":{"rendered":"Jallais 17 octobre 2023"},"content":{"rendered":"\n<div data-wp-interactive=\"core\/file\" class=\"wp-block-file\"><object data-wp-bind--hidden=\"!state.hasPdfPreview\" hidden class=\"wp-block-file__embed\" data=\"https:\/\/ventsdevre.fr\/wpclone\/wp-content\/uploads\/2023\/11\/Un-projet-citoyen-de-quatre-eoliennes-dans-un-village-du-Maine-et-Loire.pdf\" type=\"application\/pdf\" style=\"width:100%;height:600px\" aria-label=\"Contenu embarqu\u00e9 Un projet \u00ab\u00a0citoyen\u00a0\u00bb de quatre \u00e9oliennes dans un village du Maine-et-Loire.\"><\/object><a id=\"wp-block-file--media-d8b67d9d-d3f7-4151-b468-3120efc7fc48\" href=\"https:\/\/ventsdevre.fr\/wpclone\/wp-content\/uploads\/2023\/11\/Un-projet-citoyen-de-quatre-eoliennes-dans-un-village-du-Maine-et-Loire.pdf\">Un projet \u00ab\u00a0citoyen\u00a0\u00bb de quatre \u00e9oliennes dans un village du Maine-et-Loire<\/a><a href=\"https:\/\/ventsdevre.fr\/wpclone\/wp-content\/uploads\/2023\/11\/Un-projet-citoyen-de-quatre-eoliennes-dans-un-village-du-Maine-et-Loire.pdf\" class=\"wp-block-file__button wp-element-button\" download aria-describedby=\"wp-block-file--media-d8b67d9d-d3f7-4151-b468-3120efc7fc48\">T\u00e9l\u00e9charger<\/a><\/div>\n","protected":false},"excerpt":{"rendered":"","protected":false},"author":1,"featured_media":279,"comment_status":"closed","ping_status":"closed","sticky":false,"template":"","format":"standard","meta":{"cybocfi_hide_featured_image":"yes","footnotes":""},"categories":[10,4],"tags":[],"class_list":["post-277","post","type-post","status-publish","format-standard","has-post-thumbnail","hentry","category-news","category-presse"],"yoast_head":"<!-- This site is optimized with the Yoast SEO plugin v27.5 - https:\/\/yoast.com\/product\/yoast-seo-wordpress\/ -->\n<title>Jallais 17 octobre 2023 - Vents d&#039;Evre - Les \u00e9oliennes du Fief-Sauvin<\/title>\n<meta name=\"robots\" content=\"index, follow, max-snippet:-1, max-image-preview:large, max-video-preview:-1\" \/>\n<link rel=\"canonical\" href=\"https:\/\/ventsdevre.fr\/wpclone\/2023\/11\/28\/jallais-17-octobre-2023\/\" \/>\n<meta property=\"og:locale\" content=\"fr_FR\" \/>\n<meta property=\"og:type\" content=\"article\" \/>\n<meta property=\"og:title\" content=\"Jallais 17 octobre 2023 - Vents d&#039;Evre - Les \u00e9oliennes du Fief-Sauvin\" \/>\n<meta property=\"og:url\" content=\"https:\/\/ventsdevre.fr\/wpclone\/2023\/11\/28\/jallais-17-octobre-2023\/\" \/>\n<meta property=\"og:site_name\" content=\"Vents d&#039;Evre - Les \u00e9oliennes du Fief-Sauvin\" \/>\n<meta property=\"article:published_time\" content=\"2023-11-28T17:58:16+00:00\" \/>\n<meta property=\"article:modified_time\" content=\"2023-12-22T15:45:58+00:00\" \/>\n<meta property=\"og:image\" content=\"https:\/\/ventsdevre.fr\/wpclone\/wp-content\/uploads\/2023\/11\/17-Oct-2023-Jallais_Un-projet-citoyen-de-quatre-eoliennes-dans-un-village-du-Maine-et-Loire-\u2013-Br.png\" \/>\n\t<meta property=\"og:image:width\" content=\"613\" \/>\n\t<meta property=\"og:image:height\" content=\"494\" \/>\n\t<meta property=\"og:image:type\" content=\"image\/png\" \/>\n<meta name=\"author\" content=\"adminventsdevre\" \/>\n<meta name=\"twitter:card\" content=\"summary_large_image\" \/>\n<meta name=\"twitter:label1\" content=\"\u00c9crit par\" \/>\n\t<meta name=\"twitter:data1\" content=\"adminventsdevre\" \/>\n\t<meta name=\"twitter:label2\" content=\"Dur\u00e9e de lecture estim\u00e9e\" \/>\n\t<meta name=\"twitter:data2\" content=\"1 minute\" \/>\n<script type=\"application\/ld+json\" class=\"yoast-schema-graph\">{\"@context\":\"https:\\\/\\\/schema.org\",\"@graph\":[{\"@type\":\"Article\",\"@id\":\"https:\\\/\\\/ventsdevre.fr\\\/wpclone\\\/2023\\\/11\\\/28\\\/jallais-17-octobre-2023\\\/#article\",\"isPartOf\":{\"@id\":\"https:\\\/\\\/ventsdevre.fr\\\/wpclone\\\/2023\\\/11\\\/28\\\/jallais-17-octobre-2023\\\/\"},\"author\":{\"name\":\"adminventsdevre\",\"@id\":\"https:\\\/\\\/ventsdevre.fr\\\/wpclone\\\/#\\\/schema\\\/person\\\/673b971d166d58d5991300d69ba1f876\"},\"headline\":\"Jallais 17 octobre 2023\",\"datePublished\":\"2023-11-28T17:58:16+00:00\",\"dateModified\":\"2023-12-22T15:45:58+00:00\",\"mainEntityOfPage\":{\"@id\":\"https:\\\/\\\/ventsdevre.fr\\\/wpclone\\\/2023\\\/11\\\/28\\\/jallais-17-octobre-2023\\\/\"},\"wordCount\":16,\"publisher\":{\"@id\":\"https:\\\/\\\/ventsdevre.fr\\\/wpclone\\\/#organization\"},\"image\":{\"@id\":\"https:\\\/\\\/ventsdevre.fr\\\/wpclone\\\/2023\\\/11\\\/28\\\/jallais-17-octobre-2023\\\/#primaryimage\"},\"thumbnailUrl\":\"https:\\\/\\\/ventsdevre.fr\\\/wpclone\\\/wp-content\\\/uploads\\\/2023\\\/11\\\/17-Oct-2023-Jallais_Un-projet-citoyen-de-quatre-eoliennes-dans-un-village-du-Maine-et-Loire-\u2013-Br.png\",\"articleSection\":[\"News\",\"Presse\"],\"inLanguage\":\"fr-FR\"},{\"@type\":\"WebPage\",\"@id\":\"https:\\\/\\\/ventsdevre.fr\\\/wpclone\\\/2023\\\/11\\\/28\\\/jallais-17-octobre-2023\\\/\",\"url\":\"https:\\\/\\\/ventsdevre.fr\\\/wpclone\\\/2023\\\/11\\\/28\\\/jallais-17-octobre-2023\\\/\",\"name\":\"Jallais 17 octobre 2023 - Vents d&#039;Evre - Les \u00e9oliennes du Fief-Sauvin\",\"isPartOf\":{\"@id\":\"https:\\\/\\\/ventsdevre.fr\\\/wpclone\\\/#website\"},\"primaryImageOfPage\":{\"@id\":\"https:\\\/\\\/ventsdevre.fr\\\/wpclone\\\/2023\\\/11\\\/28\\\/jallais-17-octobre-2023\\\/#primaryimage\"},\"image\":{\"@id\":\"https:\\\/\\\/ventsdevre.fr\\\/wpclone\\\/2023\\\/11\\\/28\\\/jallais-17-octobre-2023\\\/#primaryimage\"},\"thumbnailUrl\":\"https:\\\/\\\/ventsdevre.fr\\\/wpclone\\\/wp-content\\\/uploads\\\/2023\\\/11\\\/17-Oct-2023-Jallais_Un-projet-citoyen-de-quatre-eoliennes-dans-un-village-du-Maine-et-Loire-\u2013-Br.png\",\"datePublished\":\"2023-11-28T17:58:16+00:00\",\"dateModified\":\"2023-12-22T15:45:58+00:00\",\"breadcrumb\":{\"@id\":\"https:\\\/\\\/ventsdevre.fr\\\/wpclone\\\/2023\\\/11\\\/28\\\/jallais-17-octobre-2023\\\/#breadcrumb\"},\"inLanguage\":\"fr-FR\",\"potentialAction\":[{\"@type\":\"ReadAction\",\"target\":[\"https:\\\/\\\/ventsdevre.fr\\\/wpclone\\\/2023\\\/11\\\/28\\\/jallais-17-octobre-2023\\\/\"]}]},{\"@type\":\"BreadcrumbList\",\"@id\":\"https:\\\/\\\/ventsdevre.fr\\\/wpclone\\\/2023\\\/11\\\/28\\\/jallais-17-octobre-2023\\\/#breadcrumb\",\"itemListElement\":[{\"@type\":\"ListItem\",\"position\":1,\"name\":\"Accueil\",\"item\":\"https:\\\/\\\/ventsdevre.fr\\\/wpclone\\\/\"},{\"@type\":\"ListItem\",\"position\":2,\"name\":\"Jallais 17 octobre 2023\"}]},{\"@type\":\"WebSite\",\"@id\":\"https:\\\/\\\/ventsdevre.fr\\\/wpclone\\\/#website\",\"url\":\"https:\\\/\\\/ventsdevre.fr\\\/wpclone\\\/\",\"name\":\"Vents d&#039;Evre - Les \u00e9oliennes du Fief-Sauvin\",\"description\":\"parc \u00e9olien 100 % citoyen et territoire Fief-Sauvin\",\"publisher\":{\"@id\":\"https:\\\/\\\/ventsdevre.fr\\\/wpclone\\\/#organization\"},\"potentialAction\":[{\"@type\":\"SearchAction\",\"target\":{\"@type\":\"EntryPoint\",\"urlTemplate\":\"https:\\\/\\\/ventsdevre.fr\\\/wpclone\\\/?s={search_term_string}\"},\"query-input\":{\"@type\":\"PropertyValueSpecification\",\"valueRequired\":true,\"valueName\":\"search_term_string\"}}],\"inLanguage\":\"fr-FR\"},{\"@type\":\"Organization\",\"@id\":\"https:\\\/\\\/ventsdevre.fr\\\/wpclone\\\/#organization\",\"name\":\"Vents d&#039;Evre - Les \u00e9oliennes du Fief-Sauvin\",\"url\":\"https:\\\/\\\/ventsdevre.fr\\\/wpclone\\\/\",\"logo\":{\"@type\":\"ImageObject\",\"inLanguage\":\"fr-FR\",\"@id\":\"https:\\\/\\\/ventsdevre.fr\\\/wpclone\\\/#\\\/schema\\\/logo\\\/image\\\/\",\"url\":\"https:\\\/\\\/ventsdevre.fr\\\/wpclone\\\/wp-content\\\/uploads\\\/2023\\\/12\\\/logo2.png\",\"contentUrl\":\"https:\\\/\\\/ventsdevre.fr\\\/wpclone\\\/wp-content\\\/uploads\\\/2023\\\/12\\\/logo2.png\",\"width\":272,\"height\":172,\"caption\":\"Vents d&#039;Evre - Les \u00e9oliennes du Fief-Sauvin\"},\"image\":{\"@id\":\"https:\\\/\\\/ventsdevre.fr\\\/wpclone\\\/#\\\/schema\\\/logo\\\/image\\\/\"}},{\"@type\":\"Person\",\"@id\":\"https:\\\/\\\/ventsdevre.fr\\\/wpclone\\\/#\\\/schema\\\/person\\\/673b971d166d58d5991300d69ba1f876\",\"name\":\"adminventsdevre\",\"image\":{\"@type\":\"ImageObject\",\"inLanguage\":\"fr-FR\",\"@id\":\"https:\\\/\\\/secure.gravatar.com\\\/avatar\\\/4e06d2eea47398bcaa93526bcc7a0022743c7dc84c07c34eee5792e14049d6ed?s=96&d=mm&r=g\",\"url\":\"https:\\\/\\\/secure.gravatar.com\\\/avatar\\\/4e06d2eea47398bcaa93526bcc7a0022743c7dc84c07c34eee5792e14049d6ed?s=96&d=mm&r=g\",\"contentUrl\":\"https:\\\/\\\/secure.gravatar.com\\\/avatar\\\/4e06d2eea47398bcaa93526bcc7a0022743c7dc84c07c34eee5792e14049d6ed?s=96&d=mm&r=g\",\"caption\":\"adminventsdevre\"},\"sameAs\":[\"https:\\\/\\\/ventsdevre.fr\\\/wpclone\"],\"url\":\"https:\\\/\\\/ventsdevre.fr\\\/wpclone\\\/author\\\/adminventsdevre\\\/\"}]}<\/script>\n<!-- \/ Yoast SEO plugin. -->","yoast_head_json":{"title":"Jallais 17 octobre 2023 - Vents d&#039;Evre - Les \u00e9oliennes du Fief-Sauvin","robots":{"index":"index","follow":"follow","max-snippet":"max-snippet:-1","max-image-preview":"max-image-preview:large","max-video-preview":"max-video-preview:-1"},"canonical":"https:\/\/ventsdevre.fr\/wpclone\/2023\/11\/28\/jallais-17-octobre-2023\/","og_locale":"fr_FR","og_type":"article","og_title":"Jallais 17 octobre 2023 - Vents d&#039;Evre - Les \u00e9oliennes du Fief-Sauvin","og_url":"https:\/\/ventsdevre.fr\/wpclone\/2023\/11\/28\/jallais-17-octobre-2023\/","og_site_name":"Vents d&#039;Evre - Les \u00e9oliennes du Fief-Sauvin","article_published_time":"2023-11-28T17:58:16+00:00","article_modified_time":"2023-12-22T15:45:58+00:00","og_image":[{"width":613,"height":494,"url":"https:\/\/ventsdevre.fr\/wpclone\/wp-content\/uploads\/2023\/11\/17-Oct-2023-Jallais_Un-projet-citoyen-de-quatre-eoliennes-dans-un-village-du-Maine-et-Loire-\u2013-Br.png","type":"image\/png"}],"author":"adminventsdevre","twitter_card":"summary_large_image","twitter_misc":{"\u00c9crit par":"adminventsdevre","Dur\u00e9e de lecture estim\u00e9e":"1 minute"},"schema":{"@context":"https:\/\/schema.org","@graph":[{"@type":"Article","@id":"https:\/\/ventsdevre.fr\/wpclone\/2023\/11\/28\/jallais-17-octobre-2023\/#article","isPartOf":{"@id":"https:\/\/ventsdevre.fr\/wpclone\/2023\/11\/28\/jallais-17-octobre-2023\/"},"author":{"name":"adminventsdevre","@id":"https:\/\/ventsdevre.fr\/wpclone\/#\/schema\/person\/673b971d166d58d5991300d69ba1f876"},"headline":"Jallais 17 octobre 2023","datePublished":"2023-11-28T17:58:16+00:00","dateModified":"2023-12-22T15:45:58+00:00","mainEntityOfPage":{"@id":"https:\/\/ventsdevre.fr\/wpclone\/2023\/11\/28\/jallais-17-octobre-2023\/"},"wordCount":16,"publisher":{"@id":"https:\/\/ventsdevre.fr\/wpclone\/#organization"},"image":{"@id":"https:\/\/ventsdevre.fr\/wpclone\/2023\/11\/28\/jallais-17-octobre-2023\/#primaryimage"},"thumbnailUrl":"https:\/\/ventsdevre.fr\/wpclone\/wp-content\/uploads\/2023\/11\/17-Oct-2023-Jallais_Un-projet-citoyen-de-quatre-eoliennes-dans-un-village-du-Maine-et-Loire-\u2013-Br.png","articleSection":["News","Presse"],"inLanguage":"fr-FR"},{"@type":"WebPage","@id":"https:\/\/ventsdevre.fr\/wpclone\/2023\/11\/28\/jallais-17-octobre-2023\/","url":"https:\/\/ventsdevre.fr\/wpclone\/2023\/11\/28\/jallais-17-octobre-2023\/","name":"Jallais 17 octobre 2023 - Vents d&#039;Evre - Les \u00e9oliennes du Fief-Sauvin","isPartOf":{"@id":"https:\/\/ventsdevre.fr\/wpclone\/#website"},"primaryImageOfPage":{"@id":"https:\/\/ventsdevre.fr\/wpclone\/2023\/11\/28\/jallais-17-octobre-2023\/#primaryimage"},"image":{"@id":"https:\/\/ventsdevre.fr\/wpclone\/2023\/11\/28\/jallais-17-octobre-2023\/#primaryimage"},"thumbnailUrl":"https:\/\/ventsdevre.fr\/wpclone\/wp-content\/uploads\/2023\/11\/17-Oct-2023-Jallais_Un-projet-citoyen-de-quatre-eoliennes-dans-un-village-du-Maine-et-Loire-\u2013-Br.png","datePublished":"2023-11-28T17:58:16+00:00","dateModified":"2023-12-22T15:45:58+00:00","breadcrumb":{"@id":"https:\/\/ventsdevre.fr\/wpclone\/2023\/11\/28\/jallais-17-octobre-2023\/#breadcrumb"},"inLanguage":"fr-FR","potentialAction":[{"@type":"ReadAction","target":["https:\/\/ventsdevre.fr\/wpclone\/2023\/11\/28\/jallais-17-octobre-2023\/"]}]},{"@type":"BreadcrumbList","@id":"https:\/\/ventsdevre.fr\/wpclone\/2023\/11\/28\/jallais-17-octobre-2023\/#breadcrumb","itemListElement":[{"@type":"ListItem","position":1,"name":"Accueil","item":"https:\/\/ventsdevre.fr\/wpclone\/"},{"@type":"ListItem","position":2,"name":"Jallais 17 octobre 2023"}]},{"@type":"WebSite","@id":"https:\/\/ventsdevre.fr\/wpclone\/#website","url":"https:\/\/ventsdevre.fr\/wpclone\/","name":"Vents d&#039;Evre - Les \u00e9oliennes du Fief-Sauvin","description":"parc \u00e9olien 100 % citoyen et territoire Fief-Sauvin","publisher":{"@id":"https:\/\/ventsdevre.fr\/wpclone\/#organization"},"potentialAction":[{"@type":"SearchAction","target":{"@type":"EntryPoint","urlTemplate":"https:\/\/ventsdevre.fr\/wpclone\/?s={search_term_string}"},"query-input":{"@type":"PropertyValueSpecification","valueRequired":true,"valueName":"search_term_string"}}],"inLanguage":"fr-FR"},{"@type":"Organization","@id":"https:\/\/ventsdevre.fr\/wpclone\/#organization","name":"Vents d&#039;Evre - Les \u00e9oliennes du Fief-Sauvin","url":"https:\/\/ventsdevre.fr\/wpclone\/","logo":{"@type":"ImageObject","inLanguage":"fr-FR","@id":"https:\/\/ventsdevre.fr\/wpclone\/#\/schema\/logo\/image\/","url":"https:\/\/ventsdevre.fr\/wpclone\/wp-content\/uploads\/2023\/12\/logo2.png","contentUrl":"https:\/\/ventsdevre.fr\/wpclone\/wp-content\/uploads\/2023\/12\/logo2.png","width":272,"height":172,"caption":"Vents d&#039;Evre - Les \u00e9oliennes du Fief-Sauvin"},"image":{"@id":"https:\/\/ventsdevre.fr\/wpclone\/#\/schema\/logo\/image\/"}},{"@type":"Person","@id":"https:\/\/ventsdevre.fr\/wpclone\/#\/schema\/person\/673b971d166d58d5991300d69ba1f876","name":"adminventsdevre","image":{"@type":"ImageObject","inLanguage":"fr-FR","@id":"https:\/\/secure.gravatar.com\/avatar\/4e06d2eea47398bcaa93526bcc7a0022743c7dc84c07c34eee5792e14049d6ed?s=96&d=mm&r=g","url":"https:\/\/secure.gravatar.com\/avatar\/4e06d2eea47398bcaa93526bcc7a0022743c7dc84c07c34eee5792e14049d6ed?s=96&d=mm&r=g","contentUrl":"https:\/\/secure.gravatar.com\/avatar\/4e06d2eea47398bcaa93526bcc7a0022743c7dc84c07c34eee5792e14049d6ed?s=96&d=mm&r=g","caption":"adminventsdevre"},"sameAs":["https:\/\/ventsdevre.fr\/wpclone"],"url":"https:\/\/ventsdevre.fr\/wpclone\/author\/adminventsdevre\/"}]}},"_links":{"self":[{"href":"https:\/\/ventsdevre.fr\/wpclone\/wp-json\/wp\/v2\/posts\/277","targetHints":{"allow":["GET"]}}],"collection":[{"href":"https:\/\/ventsdevre.fr\/wpclone\/wp-json\/wp\/v2\/posts"}],"about":[{"href":"https:\/\/ventsdevre.fr\/wpclone\/wp-json\/wp\/v2\/types\/post"}],"author":[{"embeddable":true,"href":"https:\/\/ventsdevre.fr\/wpclone\/wp-json\/wp\/v2\/users\/1"}],"replies":[{"embeddable":true,"href":"https:\/\/ventsdevre.fr\/wpclone\/wp-json\/wp\/v2\/comments?post=277"}],"version-history":[{"count":2,"href":"https:\/\/ventsdevre.fr\/wpclone\/wp-json\/wp\/v2\/posts\/277\/revisions"}],"predecessor-version":[{"id":281,"href":"https:\/\/ventsdevre.fr\/wpclone\/wp-json\/wp\/v2\/posts\/277\/revisions\/281"}],"wp:featuredmedia":[{"embeddable":true,"href":"https:\/\/ventsdevre.fr\/wpclone\/wp-json\/wp\/v2\/media\/279"}],"wp:attachment":[{"href":"https:\/\/ventsdevre.fr\/wpclone\/wp-json\/wp\/v2\/media?parent=277"}],"wp:term":[{"taxonomy":"category","embeddable":true,"href":"https:\/\/ventsdevre.fr\/wpclone\/wp-json\/wp\/v2\/categories?post=277"},{"taxonomy":"post_tag","embeddable":true,"href":"https:\/\/ventsdevre.fr\/wpclone\/wp-json\/wp\/v2\/tags?post=277"}],"curies":[{"name":"wp","href":"https:\/\/api.w.org\/{rel}","templated":true}]}}