{"id":185,"date":"2023-11-21T18:05:00","date_gmt":"2023-11-21T17:05:00","guid":{"rendered":"https:\/\/ventsdevre.fr\/wpclone\/?p=185"},"modified":"2023-11-21T18:08:15","modified_gmt":"2023-11-21T17:08:15","slug":"mentions-legales","status":"publish","type":"post","link":"https:\/\/ventsdevre.fr\/wpclone\/2023\/11\/21\/mentions-legales\/","title":{"rendered":"Mentions l\u00e9gales"},"content":{"rendered":"\n<p><\/p>\n\n\n\n<p>(En vigueur au 27\/11\/2023)<br>Conform\u00e9ment aux dispositions des Articles 6-III et 19 de la Loi n\u00b02004-575 du 21 juin 2004 pour la Confiance dans l\u2019\u00e9conomie num\u00e9rique, dite L.C.E.N., il est port\u00e9 \u00e0 la connaissance des utilisateurs et visiteurs les pr\u00e9sentes mentions l\u00e9gales.<br><br><strong>Pr\u00e9sident de l&rsquo;association :<\/strong><br>Damien Reveau.<br>2 Rue Arthur Gibouin, 49110 Montrevault-sur-\u00c8vre.<br>contact@ventsdevre.fr<\/p>\n\n\n\n<p><strong>Responsable de la publication :<\/strong> <br>Damien Reveau<\/p>\n\n\n\n<p><br><strong>Coordonn\u00e9es de l\u2019h\u00e9bergeur : <\/strong><br>o2switch<br>Chemin des Pardiaux<br>63000 Clermont-Ferrand<br>04 44 44 60 40 <\/p>\n\n\n\n<p><strong>Acc\u00e8s au site<\/strong><br>Le Site est accessible en tout endroit, 7j\/7, 24h\/24 sauf cas de force majeure, interruption programm\u00e9e ou non et pouvant d\u00e9coulant d\u2019une n\u00e9cessit\u00e9 de maintenance.<br>En cas de modification, interruption ou suspension du Site, l&rsquo;Editeur ne saurait \u00eatre tenu responsable.<\/p>\n\n\n\n<p><strong>Collecte des donn\u00e9es<\/strong><br>Le site est exempt\u00e9 de d\u00e9claration \u00e0 la Commission Nationale Informatique et Libert\u00e9s (CNIL) dans la mesure o\u00f9 il ne collecte aucune donn\u00e9e concernant les utilisateurs.<\/p>\n\n\n\n<p>Toute utilisation, reproduction, diffusion, commercialisation, modification de toute ou partie du Site, sans autorisation de l\u2019Editeur est prohib\u00e9e et pourra entra\u00een\u00e9e des actions et poursuites judiciaires telles que notamment pr\u00e9vues par le Code de la propri\u00e9t\u00e9 intellectuelle et le Code civil.<\/p>\n\n\n\n<p>La connexion et la navigation sur le Site par l\u2019Utilisateur implique acceptation int\u00e9grale et sans r\u00e9serve des pr\u00e9sentes mentions l\u00e9gales.<\/p>\n\n\n\n<p><\/p>\n","protected":false},"excerpt":{"rendered":"<p>(En vigueur au 27\/11\/2023)Conform\u00e9ment aux dispositions des Articles 6-III et 19 de la Loi n\u00b02004-575 du 21 juin 2004 pour la Confiance dans l\u2019\u00e9conomie num\u00e9rique, &hellip; <\/p>\n","protected":false},"author":1,"featured_media":0,"comment_status":"closed","ping_status":"closed","sticky":false,"template":"","format":"standard","meta":{"cybocfi_hide_featured_image":"","footnotes":""},"categories":[12],"tags":[],"class_list":["post-185","post","type-post","status-publish","format-standard","hentry","category-mentions-legales"],"yoast_head":"<!-- This site is optimized with the Yoast SEO plugin v27.5 - https:\/\/yoast.com\/product\/yoast-seo-wordpress\/ -->\n<title>Mentions l\u00e9gales - Vents d&#039;Evre - Les \u00e9oliennes du Fief-Sauvin<\/title>\n<meta name=\"robots\" content=\"index, follow, max-snippet:-1, max-image-preview:large, max-video-preview:-1\" \/>\n<link rel=\"canonical\" href=\"https:\/\/ventsdevre.fr\/wpclone\/2023\/11\/21\/mentions-legales\/\" \/>\n<meta property=\"og:locale\" content=\"fr_FR\" \/>\n<meta property=\"og:type\" content=\"article\" \/>\n<meta property=\"og:title\" content=\"Mentions l\u00e9gales - Vents d&#039;Evre - Les \u00e9oliennes du Fief-Sauvin\" \/>\n<meta property=\"og:description\" content=\"(En vigueur au 27\/11\/2023)Conform\u00e9ment aux dispositions des Articles 6-III et 19 de la Loi n\u00b02004-575 du 21 juin 2004 pour la Confiance dans l\u2019\u00e9conomie num\u00e9rique, &hellip;\" \/>\n<meta property=\"og:url\" content=\"https:\/\/ventsdevre.fr\/wpclone\/2023\/11\/21\/mentions-legales\/\" \/>\n<meta property=\"og:site_name\" content=\"Vents d&#039;Evre - Les \u00e9oliennes du Fief-Sauvin\" \/>\n<meta property=\"article:published_time\" content=\"2023-11-21T17:05:00+00:00\" \/>\n<meta property=\"article:modified_time\" content=\"2023-11-21T17:08:15+00:00\" \/>\n<meta name=\"author\" content=\"adminventsdevre\" \/>\n<meta name=\"twitter:card\" content=\"summary_large_image\" \/>\n<meta name=\"twitter:label1\" content=\"\u00c9crit par\" \/>\n\t<meta name=\"twitter:data1\" content=\"adminventsdevre\" \/>\n\t<meta name=\"twitter:label2\" content=\"Dur\u00e9e de lecture estim\u00e9e\" \/>\n\t<meta name=\"twitter:data2\" content=\"1 minute\" \/>\n<script type=\"application\/ld+json\" class=\"yoast-schema-graph\">{\"@context\":\"https:\\\/\\\/schema.org\",\"@graph\":[{\"@type\":\"Article\",\"@id\":\"https:\\\/\\\/ventsdevre.fr\\\/wpclone\\\/2023\\\/11\\\/21\\\/mentions-legales\\\/#article\",\"isPartOf\":{\"@id\":\"https:\\\/\\\/ventsdevre.fr\\\/wpclone\\\/2023\\\/11\\\/21\\\/mentions-legales\\\/\"},\"author\":{\"name\":\"adminventsdevre\",\"@id\":\"https:\\\/\\\/ventsdevre.fr\\\/wpclone\\\/#\\\/schema\\\/person\\\/673b971d166d58d5991300d69ba1f876\"},\"headline\":\"Mentions l\u00e9gales\",\"datePublished\":\"2023-11-21T17:05:00+00:00\",\"dateModified\":\"2023-11-21T17:08:15+00:00\",\"mainEntityOfPage\":{\"@id\":\"https:\\\/\\\/ventsdevre.fr\\\/wpclone\\\/2023\\\/11\\\/21\\\/mentions-legales\\\/\"},\"wordCount\":234,\"publisher\":{\"@id\":\"https:\\\/\\\/ventsdevre.fr\\\/wpclone\\\/#organization\"},\"articleSection\":[\"Mentions l\u00e9gales\"],\"inLanguage\":\"fr-FR\"},{\"@type\":\"WebPage\",\"@id\":\"https:\\\/\\\/ventsdevre.fr\\\/wpclone\\\/2023\\\/11\\\/21\\\/mentions-legales\\\/\",\"url\":\"https:\\\/\\\/ventsdevre.fr\\\/wpclone\\\/2023\\\/11\\\/21\\\/mentions-legales\\\/\",\"name\":\"Mentions l\u00e9gales - Vents d&#039;Evre - Les \u00e9oliennes du Fief-Sauvin\",\"isPartOf\":{\"@id\":\"https:\\\/\\\/ventsdevre.fr\\\/wpclone\\\/#website\"},\"datePublished\":\"2023-11-21T17:05:00+00:00\",\"dateModified\":\"2023-11-21T17:08:15+00:00\",\"breadcrumb\":{\"@id\":\"https:\\\/\\\/ventsdevre.fr\\\/wpclone\\\/2023\\\/11\\\/21\\\/mentions-legales\\\/#breadcrumb\"},\"inLanguage\":\"fr-FR\",\"potentialAction\":[{\"@type\":\"ReadAction\",\"target\":[\"https:\\\/\\\/ventsdevre.fr\\\/wpclone\\\/2023\\\/11\\\/21\\\/mentions-legales\\\/\"]}]},{\"@type\":\"BreadcrumbList\",\"@id\":\"https:\\\/\\\/ventsdevre.fr\\\/wpclone\\\/2023\\\/11\\\/21\\\/mentions-legales\\\/#breadcrumb\",\"itemListElement\":[{\"@type\":\"ListItem\",\"position\":1,\"name\":\"Accueil\",\"item\":\"https:\\\/\\\/ventsdevre.fr\\\/wpclone\\\/\"},{\"@type\":\"ListItem\",\"position\":2,\"name\":\"Mentions l\u00e9gales\"}]},{\"@type\":\"WebSite\",\"@id\":\"https:\\\/\\\/ventsdevre.fr\\\/wpclone\\\/#website\",\"url\":\"https:\\\/\\\/ventsdevre.fr\\\/wpclone\\\/\",\"name\":\"Vents d&#039;Evre - Les \u00e9oliennes du Fief-Sauvin\",\"description\":\"parc \u00e9olien 100 % citoyen et territoire Fief-Sauvin\",\"publisher\":{\"@id\":\"https:\\\/\\\/ventsdevre.fr\\\/wpclone\\\/#organization\"},\"potentialAction\":[{\"@type\":\"SearchAction\",\"target\":{\"@type\":\"EntryPoint\",\"urlTemplate\":\"https:\\\/\\\/ventsdevre.fr\\\/wpclone\\\/?s={search_term_string}\"},\"query-input\":{\"@type\":\"PropertyValueSpecification\",\"valueRequired\":true,\"valueName\":\"search_term_string\"}}],\"inLanguage\":\"fr-FR\"},{\"@type\":\"Organization\",\"@id\":\"https:\\\/\\\/ventsdevre.fr\\\/wpclone\\\/#organization\",\"name\":\"Vents d&#039;Evre - Les \u00e9oliennes du Fief-Sauvin\",\"url\":\"https:\\\/\\\/ventsdevre.fr\\\/wpclone\\\/\",\"logo\":{\"@type\":\"ImageObject\",\"inLanguage\":\"fr-FR\",\"@id\":\"https:\\\/\\\/ventsdevre.fr\\\/wpclone\\\/#\\\/schema\\\/logo\\\/image\\\/\",\"url\":\"https:\\\/\\\/ventsdevre.fr\\\/wpclone\\\/wp-content\\\/uploads\\\/2023\\\/12\\\/logo2.png\",\"contentUrl\":\"https:\\\/\\\/ventsdevre.fr\\\/wpclone\\\/wp-content\\\/uploads\\\/2023\\\/12\\\/logo2.png\",\"width\":272,\"height\":172,\"caption\":\"Vents d&#039;Evre - Les \u00e9oliennes du Fief-Sauvin\"},\"image\":{\"@id\":\"https:\\\/\\\/ventsdevre.fr\\\/wpclone\\\/#\\\/schema\\\/logo\\\/image\\\/\"}},{\"@type\":\"Person\",\"@id\":\"https:\\\/\\\/ventsdevre.fr\\\/wpclone\\\/#\\\/schema\\\/person\\\/673b971d166d58d5991300d69ba1f876\",\"name\":\"adminventsdevre\",\"image\":{\"@type\":\"ImageObject\",\"inLanguage\":\"fr-FR\",\"@id\":\"https:\\\/\\\/secure.gravatar.com\\\/avatar\\\/4e06d2eea47398bcaa93526bcc7a0022743c7dc84c07c34eee5792e14049d6ed?s=96&d=mm&r=g\",\"url\":\"https:\\\/\\\/secure.gravatar.com\\\/avatar\\\/4e06d2eea47398bcaa93526bcc7a0022743c7dc84c07c34eee5792e14049d6ed?s=96&d=mm&r=g\",\"contentUrl\":\"https:\\\/\\\/secure.gravatar.com\\\/avatar\\\/4e06d2eea47398bcaa93526bcc7a0022743c7dc84c07c34eee5792e14049d6ed?s=96&d=mm&r=g\",\"caption\":\"adminventsdevre\"},\"sameAs\":[\"https:\\\/\\\/ventsdevre.fr\\\/wpclone\"],\"url\":\"https:\\\/\\\/ventsdevre.fr\\\/wpclone\\\/author\\\/adminventsdevre\\\/\"}]}<\/script>\n<!-- \/ Yoast SEO plugin. -->","yoast_head_json":{"title":"Mentions l\u00e9gales - Vents d&#039;Evre - Les \u00e9oliennes du Fief-Sauvin","robots":{"index":"index","follow":"follow","max-snippet":"max-snippet:-1","max-image-preview":"max-image-preview:large","max-video-preview":"max-video-preview:-1"},"canonical":"https:\/\/ventsdevre.fr\/wpclone\/2023\/11\/21\/mentions-legales\/","og_locale":"fr_FR","og_type":"article","og_title":"Mentions l\u00e9gales - Vents d&#039;Evre - Les \u00e9oliennes du Fief-Sauvin","og_description":"(En vigueur au 27\/11\/2023)Conform\u00e9ment aux dispositions des Articles 6-III et 19 de la Loi n\u00b02004-575 du 21 juin 2004 pour la Confiance dans l\u2019\u00e9conomie num\u00e9rique, &hellip;","og_url":"https:\/\/ventsdevre.fr\/wpclone\/2023\/11\/21\/mentions-legales\/","og_site_name":"Vents d&#039;Evre - Les \u00e9oliennes du Fief-Sauvin","article_published_time":"2023-11-21T17:05:00+00:00","article_modified_time":"2023-11-21T17:08:15+00:00","author":"adminventsdevre","twitter_card":"summary_large_image","twitter_misc":{"\u00c9crit par":"adminventsdevre","Dur\u00e9e de lecture estim\u00e9e":"1 minute"},"schema":{"@context":"https:\/\/schema.org","@graph":[{"@type":"Article","@id":"https:\/\/ventsdevre.fr\/wpclone\/2023\/11\/21\/mentions-legales\/#article","isPartOf":{"@id":"https:\/\/ventsdevre.fr\/wpclone\/2023\/11\/21\/mentions-legales\/"},"author":{"name":"adminventsdevre","@id":"https:\/\/ventsdevre.fr\/wpclone\/#\/schema\/person\/673b971d166d58d5991300d69ba1f876"},"headline":"Mentions l\u00e9gales","datePublished":"2023-11-21T17:05:00+00:00","dateModified":"2023-11-21T17:08:15+00:00","mainEntityOfPage":{"@id":"https:\/\/ventsdevre.fr\/wpclone\/2023\/11\/21\/mentions-legales\/"},"wordCount":234,"publisher":{"@id":"https:\/\/ventsdevre.fr\/wpclone\/#organization"},"articleSection":["Mentions l\u00e9gales"],"inLanguage":"fr-FR"},{"@type":"WebPage","@id":"https:\/\/ventsdevre.fr\/wpclone\/2023\/11\/21\/mentions-legales\/","url":"https:\/\/ventsdevre.fr\/wpclone\/2023\/11\/21\/mentions-legales\/","name":"Mentions l\u00e9gales - Vents d&#039;Evre - Les \u00e9oliennes du Fief-Sauvin","isPartOf":{"@id":"https:\/\/ventsdevre.fr\/wpclone\/#website"},"datePublished":"2023-11-21T17:05:00+00:00","dateModified":"2023-11-21T17:08:15+00:00","breadcrumb":{"@id":"https:\/\/ventsdevre.fr\/wpclone\/2023\/11\/21\/mentions-legales\/#breadcrumb"},"inLanguage":"fr-FR","potentialAction":[{"@type":"ReadAction","target":["https:\/\/ventsdevre.fr\/wpclone\/2023\/11\/21\/mentions-legales\/"]}]},{"@type":"BreadcrumbList","@id":"https:\/\/ventsdevre.fr\/wpclone\/2023\/11\/21\/mentions-legales\/#breadcrumb","itemListElement":[{"@type":"ListItem","position":1,"name":"Accueil","item":"https:\/\/ventsdevre.fr\/wpclone\/"},{"@type":"ListItem","position":2,"name":"Mentions l\u00e9gales"}]},{"@type":"WebSite","@id":"https:\/\/ventsdevre.fr\/wpclone\/#website","url":"https:\/\/ventsdevre.fr\/wpclone\/","name":"Vents d&#039;Evre - Les \u00e9oliennes du Fief-Sauvin","description":"parc \u00e9olien 100 % citoyen et territoire Fief-Sauvin","publisher":{"@id":"https:\/\/ventsdevre.fr\/wpclone\/#organization"},"potentialAction":[{"@type":"SearchAction","target":{"@type":"EntryPoint","urlTemplate":"https:\/\/ventsdevre.fr\/wpclone\/?s={search_term_string}"},"query-input":{"@type":"PropertyValueSpecification","valueRequired":true,"valueName":"search_term_string"}}],"inLanguage":"fr-FR"},{"@type":"Organization","@id":"https:\/\/ventsdevre.fr\/wpclone\/#organization","name":"Vents d&#039;Evre - Les \u00e9oliennes du Fief-Sauvin","url":"https:\/\/ventsdevre.fr\/wpclone\/","logo":{"@type":"ImageObject","inLanguage":"fr-FR","@id":"https:\/\/ventsdevre.fr\/wpclone\/#\/schema\/logo\/image\/","url":"https:\/\/ventsdevre.fr\/wpclone\/wp-content\/uploads\/2023\/12\/logo2.png","contentUrl":"https:\/\/ventsdevre.fr\/wpclone\/wp-content\/uploads\/2023\/12\/logo2.png","width":272,"height":172,"caption":"Vents d&#039;Evre - Les \u00e9oliennes du Fief-Sauvin"},"image":{"@id":"https:\/\/ventsdevre.fr\/wpclone\/#\/schema\/logo\/image\/"}},{"@type":"Person","@id":"https:\/\/ventsdevre.fr\/wpclone\/#\/schema\/person\/673b971d166d58d5991300d69ba1f876","name":"adminventsdevre","image":{"@type":"ImageObject","inLanguage":"fr-FR","@id":"https:\/\/secure.gravatar.com\/avatar\/4e06d2eea47398bcaa93526bcc7a0022743c7dc84c07c34eee5792e14049d6ed?s=96&d=mm&r=g","url":"https:\/\/secure.gravatar.com\/avatar\/4e06d2eea47398bcaa93526bcc7a0022743c7dc84c07c34eee5792e14049d6ed?s=96&d=mm&r=g","contentUrl":"https:\/\/secure.gravatar.com\/avatar\/4e06d2eea47398bcaa93526bcc7a0022743c7dc84c07c34eee5792e14049d6ed?s=96&d=mm&r=g","caption":"adminventsdevre"},"sameAs":["https:\/\/ventsdevre.fr\/wpclone"],"url":"https:\/\/ventsdevre.fr\/wpclone\/author\/adminventsdevre\/"}]}},"_links":{"self":[{"href":"https:\/\/ventsdevre.fr\/wpclone\/wp-json\/wp\/v2\/posts\/185","targetHints":{"allow":["GET"]}}],"collection":[{"href":"https:\/\/ventsdevre.fr\/wpclone\/wp-json\/wp\/v2\/posts"}],"about":[{"href":"https:\/\/ventsdevre.fr\/wpclone\/wp-json\/wp\/v2\/types\/post"}],"author":[{"embeddable":true,"href":"https:\/\/ventsdevre.fr\/wpclone\/wp-json\/wp\/v2\/users\/1"}],"replies":[{"embeddable":true,"href":"https:\/\/ventsdevre.fr\/wpclone\/wp-json\/wp\/v2\/comments?post=185"}],"version-history":[{"count":1,"href":"https:\/\/ventsdevre.fr\/wpclone\/wp-json\/wp\/v2\/posts\/185\/revisions"}],"predecessor-version":[{"id":186,"href":"https:\/\/ventsdevre.fr\/wpclone\/wp-json\/wp\/v2\/posts\/185\/revisions\/186"}],"wp:attachment":[{"href":"https:\/\/ventsdevre.fr\/wpclone\/wp-json\/wp\/v2\/media?parent=185"}],"wp:term":[{"taxonomy":"category","embeddable":true,"href":"https:\/\/ventsdevre.fr\/wpclone\/wp-json\/wp\/v2\/categories?post=185"},{"taxonomy":"post_tag","embeddable":true,"href":"https:\/\/ventsdevre.fr\/wpclone\/wp-json\/wp\/v2\/tags?post=185"}],"curies":[{"name":"wp","href":"https:\/\/api.w.org\/{rel}","templated":true}]}}