{"id":140,"date":"2023-11-14T16:55:18","date_gmt":"2023-11-14T15:55:18","guid":{"rendered":"https:\/\/ventsdevre.fr\/wpclone\/?p=140"},"modified":"2023-11-27T10:46:54","modified_gmt":"2023-11-27T09:46:54","slug":"blog-presse","status":"publish","type":"post","link":"https:\/\/ventsdevre.fr\/wpclone\/2023\/11\/14\/blog-presse\/","title":{"rendered":"Blog presse"},"content":{"rendered":"<div class='pt-cv-wrapper'> <div class=\"pt-cv-view pt-cv-blockgrid iscvblock iscvreal grid1 layout2\" id=\"pt-cv-view-3hdnve38\"><div data-id=\"pt-cv-page-1\" class=\"pt-cv-page\" data-cvc=\"3\"><div class=\" pt-cv-content-item pt-cv-1-col\" ><div class=\"pt-cv-thumb-wrapper  \"><a href=\"https:\/\/ventsdevre.fr\/wpclone\/2023\/11\/28\/jallais-17-octobre-2023\/\" class=\"_self pt-cv-href-thumbnail pt-cv-thumb-default\" target=\"_self\" ><img loading=\"lazy\" decoding=\"async\" width=\"613\" height=\"494\" src=\"https:\/\/ventsdevre.fr\/wpclone\/wp-content\/uploads\/2023\/11\/17-Oct-2023-Jallais_Un-projet-citoyen-de-quatre-eoliennes-dans-un-village-du-Maine-et-Loire-\u2013-Br.png\" class=\"pt-cv-thumbnail\" alt=\"\" \/><\/a><\/div>\n<div class=\"pt-cv-remain-wrapper\"><h4 class=\"pt-cv-title\"><a href=\"https:\/\/ventsdevre.fr\/wpclone\/2023\/11\/28\/jallais-17-octobre-2023\/\" class=\"_self\" target=\"_self\" >Jallais 17 octobre 2023<\/a><\/h4><div class=\"pt-cv-content\">Un projet \u00ab\u00a0citoyen\u00a0\u00bb de quatre \u00e9oliennes dans un village du Maine-et-LoireT\u00e9l\u00e9charger &#8230;<\/div><div class=\"pt-cv-rmwrap\"><a href=\"https:\/\/ventsdevre.fr\/wpclone\/2023\/11\/28\/jallais-17-octobre-2023\/\" class=\"_self pt-cv-readmore btn btn-success\" target=\"_self\" >Lire La Suite\u2026<\/a><\/div><\/div><\/div>\n<div class=\" pt-cv-content-item pt-cv-1-col\" ><div class=\"pt-cv-thumb-wrapper  \"><a href=\"https:\/\/ventsdevre.fr\/wpclone\/2023\/11\/11\/beaupreau-en-mauges-eoliencitoyen-reunion-dinformation-devents-devre\/\" class=\"_self pt-cv-href-thumbnail pt-cv-thumb-default\" target=\"_self\" ><img loading=\"lazy\" decoding=\"async\" width=\"768\" height=\"512\" src=\"https:\/\/ventsdevre.fr\/wpclone\/wp-content\/uploads\/2023\/11\/nature-horizon-silhouette-sun-sunrise-sunset-1022760-pxhere.com_-768x512.jpg\" class=\"pt-cv-thumbnail\" alt=\"\" \/><\/a><\/div>\n<div class=\"pt-cv-remain-wrapper\"><h4 class=\"pt-cv-title\"><a href=\"https:\/\/ventsdevre.fr\/wpclone\/2023\/11\/11\/beaupreau-en-mauges-eoliencitoyen-reunion-dinformation-devents-devre\/\" class=\"_self\" target=\"_self\" >Beaupr\u00e9au-en-Mauges. \u00c9oliencitoyen\u00a0: r\u00e9union d\u2019information deVents d\u2019\u00c8vre<\/a><\/h4><div class=\"pt-cv-content\">14-oct-2023-Beaupreau-en-Mauges.-Eolien-citoyen-_-reunion-dinformation-de-Vents-dEvre-Cholet.maville.com_ &#8230;<\/div><div class=\"pt-cv-rmwrap\"><a href=\"https:\/\/ventsdevre.fr\/wpclone\/2023\/11\/11\/beaupreau-en-mauges-eoliencitoyen-reunion-dinformation-devents-devre\/\" class=\"_self pt-cv-readmore btn btn-success\" target=\"_self\" >Lire La Suite\u2026<\/a><\/div><\/div><\/div>\n<div class=\" pt-cv-content-item pt-cv-1-col\" ><div class=\"pt-cv-thumb-wrapper  \"><a href=\"https:\/\/ventsdevre.fr\/wpclone\/2023\/11\/11\/dans-les-mauges-vents-devre-veut-federerlinvestissement-citoyen-dans-leolien\/\" class=\"_self pt-cv-href-thumbnail pt-cv-thumb-default\" target=\"_self\" ><img loading=\"lazy\" decoding=\"async\" width=\"607\" height=\"379\" src=\"https:\/\/ventsdevre.fr\/wpclone\/wp-content\/uploads\/2023\/11\/Dans-les-Mauges-Vents-dEvre-veut-federer-linvestissement-citoyen-dans-leolie.png\" class=\"pt-cv-thumbnail\" alt=\"\" \/><\/a><\/div>\n<div class=\"pt-cv-remain-wrapper\"><h4 class=\"pt-cv-title\"><a href=\"https:\/\/ventsdevre.fr\/wpclone\/2023\/11\/11\/dans-les-mauges-vents-devre-veut-federerlinvestissement-citoyen-dans-leolien\/\" class=\"_self\" target=\"_self\" >Dans les Mauges, Vents d\u2019\u00c8vre veut f\u00e9d\u00e9rer l\u2019investissement citoyen dans l\u2019\u00e9olien<\/a><\/h4><div class=\"pt-cv-content\">12-sep-2023-Dans-les-Mauges-Vents-dEvre-veut-federer-linvestissement-citoyen-dans-leolienOK &#8230;<\/div><div class=\"pt-cv-rmwrap\"><a href=\"https:\/\/ventsdevre.fr\/wpclone\/2023\/11\/11\/dans-les-mauges-vents-devre-veut-federerlinvestissement-citoyen-dans-leolien\/\" class=\"_self pt-cv-readmore btn btn-success\" target=\"_self\" >Lire La Suite\u2026<\/a><\/div><\/div><\/div>\n<div class=\" pt-cv-content-item pt-cv-1-col\" ><div class=\"pt-cv-thumb-wrapper  \"><a href=\"https:\/\/ventsdevre.fr\/wpclone\/2023\/11\/11\/mobiliser-les-citoyens-pour-leolien\/\" class=\"_self pt-cv-href-thumbnail pt-cv-thumb-default\" target=\"_self\" ><img loading=\"lazy\" decoding=\"async\" width=\"768\" height=\"373\" src=\"https:\/\/ventsdevre.fr\/wpclone\/wp-content\/uploads\/2023\/11\/cropped-nature-forest-grass-wing-plant-sky-1215129-pxhere.com_-768x373.jpg\" class=\"pt-cv-thumbnail\" alt=\"\" \/><\/a><\/div>\n<div class=\"pt-cv-remain-wrapper\"><h4 class=\"pt-cv-title\"><a href=\"https:\/\/ventsdevre.fr\/wpclone\/2023\/11\/11\/mobiliser-les-citoyens-pour-leolien\/\" class=\"_self\" target=\"_self\" >Mobiliser les citoyens pour l\u2019\u00e9olien<\/a><\/h4><div class=\"pt-cv-content\">14Sept-Montrevault-sur-Evre.-Mobiliser-les-citoyens-pour-leolienOK &#8230;<\/div><div class=\"pt-cv-rmwrap\"><a href=\"https:\/\/ventsdevre.fr\/wpclone\/2023\/11\/11\/mobiliser-les-citoyens-pour-leolien\/\" class=\"_self pt-cv-readmore btn btn-success\" target=\"_self\" >Lire La Suite\u2026<\/a><\/div><\/div><\/div>\n<div class=\" pt-cv-content-item pt-cv-1-col\" ><div class=\"pt-cv-thumb-wrapper  \"><a href=\"https:\/\/ventsdevre.fr\/wpclone\/2023\/11\/11\/ag-4-mars-2023\/\" class=\"_self pt-cv-href-thumbnail pt-cv-thumb-default\" target=\"_self\" ><img loading=\"lazy\" decoding=\"async\" width=\"616\" height=\"471\" src=\"https:\/\/ventsdevre.fr\/wpclone\/wp-content\/uploads\/2023\/11\/AG-4-mars-2023-\u2013-Vents-dEvre.png\" class=\"pt-cv-thumbnail\" alt=\"\" \/><\/a><\/div>\n<div class=\"pt-cv-remain-wrapper\"><h4 class=\"pt-cv-title\"><a href=\"https:\/\/ventsdevre.fr\/wpclone\/2023\/11\/11\/ag-4-mars-2023\/\" class=\"_self\" target=\"_self\" >AG 4 mars 2023<\/a><\/h4><div class=\"pt-cv-content\">\/ Montrevault-sur-Evre.-Vents-dEvre-souhaite-parvenir-a-limplantation-dun-parc-eolien-citoyenOK &#8230;<\/div><div class=\"pt-cv-rmwrap\"><a href=\"https:\/\/ventsdevre.fr\/wpclone\/2023\/11\/11\/ag-4-mars-2023\/\" class=\"_self pt-cv-readmore btn btn-success\" target=\"_self\" >Lire La Suite\u2026<\/a><\/div><\/div><\/div><\/div><\/div> <\/div> <style>\n\n#pt-cv-view-3hdnve38 .pt-cv-meta-fields {  }#pt-cv-view-3hdnve38 .pt-cv-meta-fields * { font-size: 13px; }#pt-cv-view-3hdnve38 .pt-cv-thumb-wrapper:not(.miniwrap) {  }#pt-cv-view-3hdnve38 .pt-cv-thumbnail:not(.pt-cv-thumbnailsm) { height: 250px; }#pt-cv-view-3hdnve38 .pt-cv-title a { display: block; }#pt-cv-view-3hdnve38 .pt-cv-title:not(.pt-cv-titlesm) a { font-weight: 600;text-decoration: none;font-size: 20px; }#pt-cv-view-3hdnve38 .pt-cv-titlesm a { font-weight: 600;font-size: 18px; }#pt-cv-view-3hdnve38 .pt-cv-content { font-size: 15px; }#pt-cv-view-3hdnve38 .pt-cv-rmwrap {  }#pt-cv-view-3hdnve38 .pt-cv-readmore { color: #fff;background-color: #0075ff;font-size: 14px; }#pt-cv-view-3hdnve38 .pt-cv-taxoterm {  }#pt-cv-view-3hdnve38 .pt-cv-taxoterm * { color: #222;background-color: #fff6f6;font-size: 14px; }#pt-cv-view-3hdnve38 + .pt-cv-pagination-wrapper {  }#pt-cv-view-3hdnve38 + .pt-cv-pagination-wrapper a { font-size: 14px; }#pt-cv-view-3hdnve38 > .pt-cv-page {grid-template-columns: repeat(3, 1fr);grid-gap: 20px;}\n@media all and (max-width: 1024px) { \n#pt-cv-view-3hdnve38 > .pt-cv-page {}\n} \n@media all and (max-width: 767px) { \n#pt-cv-view-3hdnve38 > .pt-cv-page {grid-template-columns: repeat(1, 1fr);}\n} <\/style>","protected":false},"excerpt":{"rendered":"","protected":false},"author":1,"featured_media":0,"comment_status":"closed","ping_status":"open","sticky":false,"template":"","format":"standard","meta":{"cybocfi_hide_featured_image":"","footnotes":""},"categories":[1],"tags":[],"class_list":["post-140","post","type-post","status-publish","format-standard","hentry","category-non-classe"],"yoast_head":"<!-- This site is optimized with the Yoast SEO plugin v27.5 - https:\/\/yoast.com\/product\/yoast-seo-wordpress\/ -->\n<title>Blog presse - Vents d&#039;Evre - Les \u00e9oliennes du Fief-Sauvin<\/title>\n<meta name=\"robots\" content=\"index, follow, max-snippet:-1, max-image-preview:large, max-video-preview:-1\" \/>\n<link rel=\"canonical\" href=\"https:\/\/ventsdevre.fr\/wpclone\/2023\/11\/14\/blog-presse\/\" \/>\n<meta property=\"og:locale\" content=\"fr_FR\" \/>\n<meta property=\"og:type\" content=\"article\" \/>\n<meta property=\"og:title\" content=\"Blog presse - Vents d&#039;Evre - Les \u00e9oliennes du Fief-Sauvin\" \/>\n<meta property=\"og:url\" content=\"https:\/\/ventsdevre.fr\/wpclone\/2023\/11\/14\/blog-presse\/\" \/>\n<meta property=\"og:site_name\" content=\"Vents d&#039;Evre - Les \u00e9oliennes du Fief-Sauvin\" \/>\n<meta property=\"article:published_time\" content=\"2023-11-14T15:55:18+00:00\" \/>\n<meta property=\"article:modified_time\" content=\"2023-11-27T09:46:54+00:00\" \/>\n<meta name=\"author\" content=\"adminventsdevre\" \/>\n<meta name=\"twitter:card\" content=\"summary_large_image\" \/>\n<meta name=\"twitter:label1\" content=\"\u00c9crit par\" \/>\n\t<meta name=\"twitter:data1\" content=\"adminventsdevre\" \/>\n<script type=\"application\/ld+json\" class=\"yoast-schema-graph\">{\"@context\":\"https:\\\/\\\/schema.org\",\"@graph\":[{\"@type\":\"Article\",\"@id\":\"https:\\\/\\\/ventsdevre.fr\\\/wpclone\\\/2023\\\/11\\\/14\\\/blog-presse\\\/#article\",\"isPartOf\":{\"@id\":\"https:\\\/\\\/ventsdevre.fr\\\/wpclone\\\/2023\\\/11\\\/14\\\/blog-presse\\\/\"},\"author\":{\"name\":\"adminventsdevre\",\"@id\":\"https:\\\/\\\/ventsdevre.fr\\\/wpclone\\\/#\\\/schema\\\/person\\\/673b971d166d58d5991300d69ba1f876\"},\"headline\":\"Blog presse\",\"datePublished\":\"2023-11-14T15:55:18+00:00\",\"dateModified\":\"2023-11-27T09:46:54+00:00\",\"mainEntityOfPage\":{\"@id\":\"https:\\\/\\\/ventsdevre.fr\\\/wpclone\\\/2023\\\/11\\\/14\\\/blog-presse\\\/\"},\"wordCount\":2,\"publisher\":{\"@id\":\"https:\\\/\\\/ventsdevre.fr\\\/wpclone\\\/#organization\"},\"inLanguage\":\"fr-FR\"},{\"@type\":\"WebPage\",\"@id\":\"https:\\\/\\\/ventsdevre.fr\\\/wpclone\\\/2023\\\/11\\\/14\\\/blog-presse\\\/\",\"url\":\"https:\\\/\\\/ventsdevre.fr\\\/wpclone\\\/2023\\\/11\\\/14\\\/blog-presse\\\/\",\"name\":\"Blog presse - Vents d&#039;Evre - Les \u00e9oliennes du Fief-Sauvin\",\"isPartOf\":{\"@id\":\"https:\\\/\\\/ventsdevre.fr\\\/wpclone\\\/#website\"},\"datePublished\":\"2023-11-14T15:55:18+00:00\",\"dateModified\":\"2023-11-27T09:46:54+00:00\",\"breadcrumb\":{\"@id\":\"https:\\\/\\\/ventsdevre.fr\\\/wpclone\\\/2023\\\/11\\\/14\\\/blog-presse\\\/#breadcrumb\"},\"inLanguage\":\"fr-FR\",\"potentialAction\":[{\"@type\":\"ReadAction\",\"target\":[\"https:\\\/\\\/ventsdevre.fr\\\/wpclone\\\/2023\\\/11\\\/14\\\/blog-presse\\\/\"]}]},{\"@type\":\"BreadcrumbList\",\"@id\":\"https:\\\/\\\/ventsdevre.fr\\\/wpclone\\\/2023\\\/11\\\/14\\\/blog-presse\\\/#breadcrumb\",\"itemListElement\":[{\"@type\":\"ListItem\",\"position\":1,\"name\":\"Accueil\",\"item\":\"https:\\\/\\\/ventsdevre.fr\\\/wpclone\\\/\"},{\"@type\":\"ListItem\",\"position\":2,\"name\":\"Blog presse\"}]},{\"@type\":\"WebSite\",\"@id\":\"https:\\\/\\\/ventsdevre.fr\\\/wpclone\\\/#website\",\"url\":\"https:\\\/\\\/ventsdevre.fr\\\/wpclone\\\/\",\"name\":\"Vents d&#039;Evre - Les \u00e9oliennes du Fief-Sauvin\",\"description\":\"parc \u00e9olien 100 % citoyen et territoire Fief-Sauvin\",\"publisher\":{\"@id\":\"https:\\\/\\\/ventsdevre.fr\\\/wpclone\\\/#organization\"},\"potentialAction\":[{\"@type\":\"SearchAction\",\"target\":{\"@type\":\"EntryPoint\",\"urlTemplate\":\"https:\\\/\\\/ventsdevre.fr\\\/wpclone\\\/?s={search_term_string}\"},\"query-input\":{\"@type\":\"PropertyValueSpecification\",\"valueRequired\":true,\"valueName\":\"search_term_string\"}}],\"inLanguage\":\"fr-FR\"},{\"@type\":\"Organization\",\"@id\":\"https:\\\/\\\/ventsdevre.fr\\\/wpclone\\\/#organization\",\"name\":\"Vents d&#039;Evre - Les \u00e9oliennes du Fief-Sauvin\",\"url\":\"https:\\\/\\\/ventsdevre.fr\\\/wpclone\\\/\",\"logo\":{\"@type\":\"ImageObject\",\"inLanguage\":\"fr-FR\",\"@id\":\"https:\\\/\\\/ventsdevre.fr\\\/wpclone\\\/#\\\/schema\\\/logo\\\/image\\\/\",\"url\":\"https:\\\/\\\/ventsdevre.fr\\\/wpclone\\\/wp-content\\\/uploads\\\/2023\\\/12\\\/logo2.png\",\"contentUrl\":\"https:\\\/\\\/ventsdevre.fr\\\/wpclone\\\/wp-content\\\/uploads\\\/2023\\\/12\\\/logo2.png\",\"width\":272,\"height\":172,\"caption\":\"Vents d&#039;Evre - Les \u00e9oliennes du Fief-Sauvin\"},\"image\":{\"@id\":\"https:\\\/\\\/ventsdevre.fr\\\/wpclone\\\/#\\\/schema\\\/logo\\\/image\\\/\"}},{\"@type\":\"Person\",\"@id\":\"https:\\\/\\\/ventsdevre.fr\\\/wpclone\\\/#\\\/schema\\\/person\\\/673b971d166d58d5991300d69ba1f876\",\"name\":\"adminventsdevre\",\"image\":{\"@type\":\"ImageObject\",\"inLanguage\":\"fr-FR\",\"@id\":\"https:\\\/\\\/secure.gravatar.com\\\/avatar\\\/4e06d2eea47398bcaa93526bcc7a0022743c7dc84c07c34eee5792e14049d6ed?s=96&d=mm&r=g\",\"url\":\"https:\\\/\\\/secure.gravatar.com\\\/avatar\\\/4e06d2eea47398bcaa93526bcc7a0022743c7dc84c07c34eee5792e14049d6ed?s=96&d=mm&r=g\",\"contentUrl\":\"https:\\\/\\\/secure.gravatar.com\\\/avatar\\\/4e06d2eea47398bcaa93526bcc7a0022743c7dc84c07c34eee5792e14049d6ed?s=96&d=mm&r=g\",\"caption\":\"adminventsdevre\"},\"sameAs\":[\"https:\\\/\\\/ventsdevre.fr\\\/wpclone\"],\"url\":\"https:\\\/\\\/ventsdevre.fr\\\/wpclone\\\/author\\\/adminventsdevre\\\/\"}]}<\/script>\n<!-- \/ Yoast SEO plugin. -->","yoast_head_json":{"title":"Blog presse - Vents d&#039;Evre - Les \u00e9oliennes du Fief-Sauvin","robots":{"index":"index","follow":"follow","max-snippet":"max-snippet:-1","max-image-preview":"max-image-preview:large","max-video-preview":"max-video-preview:-1"},"canonical":"https:\/\/ventsdevre.fr\/wpclone\/2023\/11\/14\/blog-presse\/","og_locale":"fr_FR","og_type":"article","og_title":"Blog presse - Vents d&#039;Evre - Les \u00e9oliennes du Fief-Sauvin","og_url":"https:\/\/ventsdevre.fr\/wpclone\/2023\/11\/14\/blog-presse\/","og_site_name":"Vents d&#039;Evre - Les \u00e9oliennes du Fief-Sauvin","article_published_time":"2023-11-14T15:55:18+00:00","article_modified_time":"2023-11-27T09:46:54+00:00","author":"adminventsdevre","twitter_card":"summary_large_image","twitter_misc":{"\u00c9crit par":"adminventsdevre"},"schema":{"@context":"https:\/\/schema.org","@graph":[{"@type":"Article","@id":"https:\/\/ventsdevre.fr\/wpclone\/2023\/11\/14\/blog-presse\/#article","isPartOf":{"@id":"https:\/\/ventsdevre.fr\/wpclone\/2023\/11\/14\/blog-presse\/"},"author":{"name":"adminventsdevre","@id":"https:\/\/ventsdevre.fr\/wpclone\/#\/schema\/person\/673b971d166d58d5991300d69ba1f876"},"headline":"Blog presse","datePublished":"2023-11-14T15:55:18+00:00","dateModified":"2023-11-27T09:46:54+00:00","mainEntityOfPage":{"@id":"https:\/\/ventsdevre.fr\/wpclone\/2023\/11\/14\/blog-presse\/"},"wordCount":2,"publisher":{"@id":"https:\/\/ventsdevre.fr\/wpclone\/#organization"},"inLanguage":"fr-FR"},{"@type":"WebPage","@id":"https:\/\/ventsdevre.fr\/wpclone\/2023\/11\/14\/blog-presse\/","url":"https:\/\/ventsdevre.fr\/wpclone\/2023\/11\/14\/blog-presse\/","name":"Blog presse - Vents d&#039;Evre - Les \u00e9oliennes du Fief-Sauvin","isPartOf":{"@id":"https:\/\/ventsdevre.fr\/wpclone\/#website"},"datePublished":"2023-11-14T15:55:18+00:00","dateModified":"2023-11-27T09:46:54+00:00","breadcrumb":{"@id":"https:\/\/ventsdevre.fr\/wpclone\/2023\/11\/14\/blog-presse\/#breadcrumb"},"inLanguage":"fr-FR","potentialAction":[{"@type":"ReadAction","target":["https:\/\/ventsdevre.fr\/wpclone\/2023\/11\/14\/blog-presse\/"]}]},{"@type":"BreadcrumbList","@id":"https:\/\/ventsdevre.fr\/wpclone\/2023\/11\/14\/blog-presse\/#breadcrumb","itemListElement":[{"@type":"ListItem","position":1,"name":"Accueil","item":"https:\/\/ventsdevre.fr\/wpclone\/"},{"@type":"ListItem","position":2,"name":"Blog presse"}]},{"@type":"WebSite","@id":"https:\/\/ventsdevre.fr\/wpclone\/#website","url":"https:\/\/ventsdevre.fr\/wpclone\/","name":"Vents d&#039;Evre - Les \u00e9oliennes du Fief-Sauvin","description":"parc \u00e9olien 100 % citoyen et territoire Fief-Sauvin","publisher":{"@id":"https:\/\/ventsdevre.fr\/wpclone\/#organization"},"potentialAction":[{"@type":"SearchAction","target":{"@type":"EntryPoint","urlTemplate":"https:\/\/ventsdevre.fr\/wpclone\/?s={search_term_string}"},"query-input":{"@type":"PropertyValueSpecification","valueRequired":true,"valueName":"search_term_string"}}],"inLanguage":"fr-FR"},{"@type":"Organization","@id":"https:\/\/ventsdevre.fr\/wpclone\/#organization","name":"Vents d&#039;Evre - Les \u00e9oliennes du Fief-Sauvin","url":"https:\/\/ventsdevre.fr\/wpclone\/","logo":{"@type":"ImageObject","inLanguage":"fr-FR","@id":"https:\/\/ventsdevre.fr\/wpclone\/#\/schema\/logo\/image\/","url":"https:\/\/ventsdevre.fr\/wpclone\/wp-content\/uploads\/2023\/12\/logo2.png","contentUrl":"https:\/\/ventsdevre.fr\/wpclone\/wp-content\/uploads\/2023\/12\/logo2.png","width":272,"height":172,"caption":"Vents d&#039;Evre - Les \u00e9oliennes du Fief-Sauvin"},"image":{"@id":"https:\/\/ventsdevre.fr\/wpclone\/#\/schema\/logo\/image\/"}},{"@type":"Person","@id":"https:\/\/ventsdevre.fr\/wpclone\/#\/schema\/person\/673b971d166d58d5991300d69ba1f876","name":"adminventsdevre","image":{"@type":"ImageObject","inLanguage":"fr-FR","@id":"https:\/\/secure.gravatar.com\/avatar\/4e06d2eea47398bcaa93526bcc7a0022743c7dc84c07c34eee5792e14049d6ed?s=96&d=mm&r=g","url":"https:\/\/secure.gravatar.com\/avatar\/4e06d2eea47398bcaa93526bcc7a0022743c7dc84c07c34eee5792e14049d6ed?s=96&d=mm&r=g","contentUrl":"https:\/\/secure.gravatar.com\/avatar\/4e06d2eea47398bcaa93526bcc7a0022743c7dc84c07c34eee5792e14049d6ed?s=96&d=mm&r=g","caption":"adminventsdevre"},"sameAs":["https:\/\/ventsdevre.fr\/wpclone"],"url":"https:\/\/ventsdevre.fr\/wpclone\/author\/adminventsdevre\/"}]}},"_links":{"self":[{"href":"https:\/\/ventsdevre.fr\/wpclone\/wp-json\/wp\/v2\/posts\/140","targetHints":{"allow":["GET"]}}],"collection":[{"href":"https:\/\/ventsdevre.fr\/wpclone\/wp-json\/wp\/v2\/posts"}],"about":[{"href":"https:\/\/ventsdevre.fr\/wpclone\/wp-json\/wp\/v2\/types\/post"}],"author":[{"embeddable":true,"href":"https:\/\/ventsdevre.fr\/wpclone\/wp-json\/wp\/v2\/users\/1"}],"replies":[{"embeddable":true,"href":"https:\/\/ventsdevre.fr\/wpclone\/wp-json\/wp\/v2\/comments?post=140"}],"version-history":[{"count":3,"href":"https:\/\/ventsdevre.fr\/wpclone\/wp-json\/wp\/v2\/posts\/140\/revisions"}],"predecessor-version":[{"id":244,"href":"https:\/\/ventsdevre.fr\/wpclone\/wp-json\/wp\/v2\/posts\/140\/revisions\/244"}],"wp:attachment":[{"href":"https:\/\/ventsdevre.fr\/wpclone\/wp-json\/wp\/v2\/media?parent=140"}],"wp:term":[{"taxonomy":"category","embeddable":true,"href":"https:\/\/ventsdevre.fr\/wpclone\/wp-json\/wp\/v2\/categories?post=140"},{"taxonomy":"post_tag","embeddable":true,"href":"https:\/\/ventsdevre.fr\/wpclone\/wp-json\/wp\/v2\/tags?post=140"}],"curies":[{"name":"wp","href":"https:\/\/api.w.org\/{rel}","templated":true}]}}