{"id":973,"date":"2024-11-24T18:57:37","date_gmt":"2024-11-24T17:57:37","guid":{"rendered":"https:\/\/ventsdevre.fr\/WP\/?p=973"},"modified":"2024-11-24T19:00:16","modified_gmt":"2024-11-24T18:00:16","slug":"le-pacte-dassocies","status":"publish","type":"post","link":"https:\/\/ventsdevre.fr\/WP\/2024\/11\/24\/le-pacte-dassocies\/","title":{"rendered":"Le pacte d\u2019associ\u00e9s"},"content":{"rendered":"<p>Le pacte d\u2019associ\u00e9s est en quelque sorte un R\u00e8glement int\u00e9rieur.<br \/>Il organise les relations entre associ\u00e9s et d\u00e9crit les droits et obligations de chacun au sein d\u2019une m\u00eame soci\u00e9t\u00e9.<br \/>Pour nous, il s\u2019agit d\u2019\u00e9tablir les r\u00e8gles de fonctionnement et de gouvernance de la soci\u00e9t\u00e9 Parc du Fief-Sauvin (celle qui produira et vendra l\u2019\u00e9lectricit\u00e9) entre<br \/>. notre soci\u00e9t\u00e9 citoyenne SAS Eoliennes du Fief-Sauvin d\u2019une part, et<br \/>. Energie Partag\u00e9e Investissement (EPI) d\u2019autre part,<br \/>Ce document, compl\u00e9mentaire aux statuts, pr\u00e9cise les modalit\u00e9s de r\u00e9partition, de gouvernance, les transferts de titres, les entr\u00e9es et les sorties possibles, etc\u2026 Tout un arsenal juridique sur lequel nous nous sommes mis d\u2019accord avec Energie Partag\u00e9e Investissement (EPI) afin de garantir le succ\u00e8s de notre partenariat.<br \/>Deux soir\u00e9es ont \u00e9t\u00e9 consacr\u00e9es \u00e0 l\u2019examen du projet qui nous avait \u00e9t\u00e9 propos\u00e9 par le cabinet Jurika.<br \/>Nous avons clarifi\u00e9 les derniers points : quelle majorit\u00e9 pour les d\u00e9cisions ou le r\u00f4le du pr\u00e9sident par exemple. Samuel (EPI) \u00e9tait pr\u00e9sent \u00e0 notre derni\u00e8re r\u00e9union et va maintenant faire \u00e9tudier cette derni\u00e8re version par le service juridique d\u2019Energie Partag\u00e9e.<\/p>\r\n\r\n<figure class=\"wp-block-gallery has-nested-images columns-default is-cropped wp-block-gallery-1 is-layout-flex wp-block-gallery-is-layout-flex\">\r\n<figure class=\"wp-block-image size-large\"><img loading=\"lazy\" decoding=\"async\" width=\"1024\" height=\"576\" data-id=\"976\" class=\"wp-image-976\" src=\"https:\/\/ventsdevre.fr\/WP\/wp-content\/uploads\/2024\/11\/20241119_2153211-1024x576.jpg\" alt=\"\" srcset=\"https:\/\/ventsdevre.fr\/WP\/wp-content\/uploads\/2024\/11\/20241119_2153211-1024x576.jpg 1024w, https:\/\/ventsdevre.fr\/WP\/wp-content\/uploads\/2024\/11\/20241119_2153211-300x169.jpg 300w, https:\/\/ventsdevre.fr\/WP\/wp-content\/uploads\/2024\/11\/20241119_2153211-768x432.jpg 768w, https:\/\/ventsdevre.fr\/WP\/wp-content\/uploads\/2024\/11\/20241119_2153211-1536x864.jpg 1536w, https:\/\/ventsdevre.fr\/WP\/wp-content\/uploads\/2024\/11\/20241119_2153211.jpg 1920w\" sizes=\"auto, (max-width: 1024px) 100vw, 1024px\" \/><\/figure>\r\n\r\n\r\n\r\n<figure class=\"wp-block-image size-large\"><img loading=\"lazy\" decoding=\"async\" width=\"1024\" height=\"576\" data-id=\"975\" class=\"wp-image-975\" src=\"https:\/\/ventsdevre.fr\/WP\/wp-content\/uploads\/2024\/11\/20241119_2152561-1024x576.jpg\" alt=\"\" srcset=\"https:\/\/ventsdevre.fr\/WP\/wp-content\/uploads\/2024\/11\/20241119_2152561-1024x576.jpg 1024w, https:\/\/ventsdevre.fr\/WP\/wp-content\/uploads\/2024\/11\/20241119_2152561-300x169.jpg 300w, https:\/\/ventsdevre.fr\/WP\/wp-content\/uploads\/2024\/11\/20241119_2152561-768x432.jpg 768w, https:\/\/ventsdevre.fr\/WP\/wp-content\/uploads\/2024\/11\/20241119_2152561-1536x864.jpg 1536w, https:\/\/ventsdevre.fr\/WP\/wp-content\/uploads\/2024\/11\/20241119_2152561.jpg 1920w\" sizes=\"auto, (max-width: 1024px) 100vw, 1024px\" \/><\/figure>\r\n\r\n\r\n\r\n<figure class=\"wp-block-image size-large\"><img loading=\"lazy\" decoding=\"async\" width=\"1024\" height=\"576\" data-id=\"974\" class=\"wp-image-974\" src=\"https:\/\/ventsdevre.fr\/WP\/wp-content\/uploads\/2024\/11\/20241119_2152241-1024x576.jpg\" alt=\"\" srcset=\"https:\/\/ventsdevre.fr\/WP\/wp-content\/uploads\/2024\/11\/20241119_2152241-1024x576.jpg 1024w, https:\/\/ventsdevre.fr\/WP\/wp-content\/uploads\/2024\/11\/20241119_2152241-300x169.jpg 300w, https:\/\/ventsdevre.fr\/WP\/wp-content\/uploads\/2024\/11\/20241119_2152241-768x432.jpg 768w, https:\/\/ventsdevre.fr\/WP\/wp-content\/uploads\/2024\/11\/20241119_2152241-1536x864.jpg 1536w, https:\/\/ventsdevre.fr\/WP\/wp-content\/uploads\/2024\/11\/20241119_2152241.jpg 1920w\" sizes=\"auto, (max-width: 1024px) 100vw, 1024px\" \/><\/figure>\r\n<\/figure>\r\n\r\n\r\n\r\n<p>&nbsp;<\/p>\r\n","protected":false},"excerpt":{"rendered":"<p>Le pacte d\u2019associ\u00e9s est en quelque sorte un R\u00e8glement int\u00e9rieur.Il organise les relations entre associ\u00e9s et d\u00e9crit les droits et obligations de chacun au sein &hellip; <\/p>\n","protected":false},"author":3,"featured_media":976,"comment_status":"closed","ping_status":"closed","sticky":false,"template":"","format":"standard","meta":{"cybocfi_hide_featured_image":"yes","footnotes":""},"categories":[7,10,3],"tags":[],"class_list":["post-973","post","type-post","status-publish","format-standard","has-post-thumbnail","hentry","category-accueil-menu","category-actualites","category-association"],"_links":{"self":[{"href":"https:\/\/ventsdevre.fr\/WP\/wp-json\/wp\/v2\/posts\/973","targetHints":{"allow":["GET"]}}],"collection":[{"href":"https:\/\/ventsdevre.fr\/WP\/wp-json\/wp\/v2\/posts"}],"about":[{"href":"https:\/\/ventsdevre.fr\/WP\/wp-json\/wp\/v2\/types\/post"}],"author":[{"embeddable":true,"href":"https:\/\/ventsdevre.fr\/WP\/wp-json\/wp\/v2\/users\/3"}],"replies":[{"embeddable":true,"href":"https:\/\/ventsdevre.fr\/WP\/wp-json\/wp\/v2\/comments?post=973"}],"version-history":[{"count":3,"href":"https:\/\/ventsdevre.fr\/WP\/wp-json\/wp\/v2\/posts\/973\/revisions"}],"predecessor-version":[{"id":979,"href":"https:\/\/ventsdevre.fr\/WP\/wp-json\/wp\/v2\/posts\/973\/revisions\/979"}],"wp:featuredmedia":[{"embeddable":true,"href":"https:\/\/ventsdevre.fr\/WP\/wp-json\/wp\/v2\/media\/976"}],"wp:attachment":[{"href":"https:\/\/ventsdevre.fr\/WP\/wp-json\/wp\/v2\/media?parent=973"}],"wp:term":[{"taxonomy":"category","embeddable":true,"href":"https:\/\/ventsdevre.fr\/WP\/wp-json\/wp\/v2\/categories?post=973"},{"taxonomy":"post_tag","embeddable":true,"href":"https:\/\/ventsdevre.fr\/WP\/wp-json\/wp\/v2\/tags?post=973"}],"curies":[{"name":"wp","href":"https:\/\/api.w.org\/{rel}","templated":true}]}}