{"id":908,"date":"2024-10-09T12:01:16","date_gmt":"2024-10-09T10:01:16","guid":{"rendered":"https:\/\/ventsdevre.fr\/WP\/?p=908"},"modified":"2024-10-09T12:07:12","modified_gmt":"2024-10-09T10:07:12","slug":"ouest-france-cables-dernier-cri-pour-raccorder-le-parc-eolien-citoyen-du-fief-sauvin","status":"publish","type":"post","link":"https:\/\/ventsdevre.fr\/WP\/2024\/10\/09\/ouest-france-cables-dernier-cri-pour-raccorder-le-parc-eolien-citoyen-du-fief-sauvin\/","title":{"rendered":"Ouest France : C\u00e2bles dernier cri pour raccorder le parc \u00e9olien citoyen du Fief-Sauvin"},"content":{"rendered":"\r\n<p><strong>C\u00e2bles dernier cri pour raccorder le parc \u00e9olien<\/strong>\u00a0<br \/>Avant l\u2019arriv\u00e9e des \u00e9oliennes \u00e0 Montrevault-sur-\u00c8vre, Enedis installe les<br \/>c\u00e2bles de raccordement au r\u00e9seau en utilisant des techniques de tranch\u00e9es<br \/>\u00ab bas carbone \u00bb, destin\u00e9es \u00e0 \u00eatre g\u00e9n\u00e9ralis\u00e9es en France. Et annonce<br \/>\u00ab une empreinte carbone du chantier r\u00e9duite de 30 % \u00bb.<br \/><br \/><img loading=\"lazy\" decoding=\"async\" class=\"size-medium wp-image-911 alignleft\" src=\"https:\/\/ventsdevre.fr\/WP\/wp-content\/uploads\/2024\/10\/cables_OFrance-225x300.jpeg\" alt=\"\" width=\"225\" height=\"300\" \/>Enedis d\u00e9ploie, ce mois de septembre 2024, des nouvelles pratiques pour installer les c\u00e2bles de raccordement au r\u00e9seau du futur parc \u00e9olien du Fief-Sauvin, \u00e0 Montrevault-sur-\u00c8vre, dans le<br \/>Maine-et-Loire. L\u2019entreprise de service public y enfouit onze kilom\u00e8tres de c\u00e2bles renforc\u00e9s \u2013<br \/>dits EDR \u2013 qui permettent d\u2019\u00e9viter d\u2019installer un lit de sable dans la tranch\u00e9e.<br \/>1\u00a0320\u00a0m\u00b3 de sables en moins<br \/><strong>\u00ab\u00a0Cela \u00e9conomise 120\u00a0m\u00b3 de sables et cinq allers-retours de camion, par kilom\u00e8tre de ligne\u00a0\u00bb,<\/strong>\u00a0pr\u00e9cise\u00a0Nicolas Renault, directeur d\u00e9l\u00e9gu\u00e9 r\u00e9gional d\u2019Enedis en Pays de la Loire. Soit un total de 1\u00a0320\u00a0m<sup>3<\/sup>.<\/p>\r\n\r\n\r\n\r\n<p>En outre, le groupe r\u00e9emploie sur place, pour le remblayage, les terres extraites et des gravats de vieux poteaux \u00e9lectriques en b\u00e9ton. Bilan\u00a0:\u00a0<strong>\u00ab\u00a0Une empreinte carbone du chantier r\u00e9duite de 30\u00a0%.\u00a0\u00bb<\/strong>\u00a0Cette technique est amen\u00e9e \u00e0 se g\u00e9n\u00e9raliser partout en France.<br \/>Apr\u00e8s le raccordement, l\u2019association Vent d\u2019\u00c8vre, port\u00e9e par 448 citoyens actionnaires,<br \/><em>d\u00e9ploiera les quatre \u00e9oliennes pr\u00e9vues en 2025.<\/em><br \/><em><a href=\"https:\/\/www.ouest-france.fr\/economie\/energie\/energies-renouvelables\/cables-dernier-cri-pour-raccorder-le-parc-eolien-citoyen-du-fief-sauvin-dans-le-maine-et-loire-0f26d9e2-7c23-11ef-a25e-ad5d3544d350\" target=\"_blank\" rel=\"noopener\">Ouest France &#8211; 26\/09\/2024<\/a><\/em><\/p>\r\n","protected":false},"excerpt":{"rendered":"<p>C\u00e2bles dernier cri pour raccorder le parc \u00e9olien\u00a0Avant l\u2019arriv\u00e9e des \u00e9oliennes \u00e0 Montrevault-sur-\u00c8vre, Enedis installe lesc\u00e2bles de raccordement au r\u00e9seau en utilisant des techniques de &hellip; <\/p>\n","protected":false},"author":1,"featured_media":911,"comment_status":"closed","ping_status":"closed","sticky":false,"template":"","format":"standard","meta":{"cybocfi_hide_featured_image":"yes","footnotes":""},"categories":[7,10,4],"tags":[],"class_list":["post-908","post","type-post","status-publish","format-standard","has-post-thumbnail","hentry","category-accueil-menu","category-actualites","category-presse"],"_links":{"self":[{"href":"https:\/\/ventsdevre.fr\/WP\/wp-json\/wp\/v2\/posts\/908","targetHints":{"allow":["GET"]}}],"collection":[{"href":"https:\/\/ventsdevre.fr\/WP\/wp-json\/wp\/v2\/posts"}],"about":[{"href":"https:\/\/ventsdevre.fr\/WP\/wp-json\/wp\/v2\/types\/post"}],"author":[{"embeddable":true,"href":"https:\/\/ventsdevre.fr\/WP\/wp-json\/wp\/v2\/users\/1"}],"replies":[{"embeddable":true,"href":"https:\/\/ventsdevre.fr\/WP\/wp-json\/wp\/v2\/comments?post=908"}],"version-history":[{"count":3,"href":"https:\/\/ventsdevre.fr\/WP\/wp-json\/wp\/v2\/posts\/908\/revisions"}],"predecessor-version":[{"id":912,"href":"https:\/\/ventsdevre.fr\/WP\/wp-json\/wp\/v2\/posts\/908\/revisions\/912"}],"wp:featuredmedia":[{"embeddable":true,"href":"https:\/\/ventsdevre.fr\/WP\/wp-json\/wp\/v2\/media\/911"}],"wp:attachment":[{"href":"https:\/\/ventsdevre.fr\/WP\/wp-json\/wp\/v2\/media?parent=908"}],"wp:term":[{"taxonomy":"category","embeddable":true,"href":"https:\/\/ventsdevre.fr\/WP\/wp-json\/wp\/v2\/categories?post=908"},{"taxonomy":"post_tag","embeddable":true,"href":"https:\/\/ventsdevre.fr\/WP\/wp-json\/wp\/v2\/tags?post=908"}],"curies":[{"name":"wp","href":"https:\/\/api.w.org\/{rel}","templated":true}]}}