{"id":892,"date":"2024-07-05T10:20:49","date_gmt":"2024-07-05T08:20:49","guid":{"rendered":"https:\/\/ventsdevre.fr\/WP\/?p=892"},"modified":"2025-01-29T11:06:19","modified_gmt":"2025-01-29T10:06:19","slug":"temoignage-lors-dun-webinaire-organise-par-recit-sur-le-theme-de-la-levee-de-fonds-citoyenne","status":"publish","type":"post","link":"https:\/\/ventsdevre.fr\/WP\/2024\/07\/05\/temoignage-lors-dun-webinaire-organise-par-recit-sur-le-theme-de-la-levee-de-fonds-citoyenne\/","title":{"rendered":"T\u00e9moignage lors d\u2019un webinaire organis\u00e9 par RECIT, sur le th\u00e8me de la lev\u00e9e de fonds citoyenne"},"content":{"rendered":"\n<p><\/p>\n\n\n\n<p>RECIT Pays de la Loire (r\u00e9seau qui promeut les projets d\u2019\u00e9nergie citoyenne) organisait le 26 juin un webinaire consacr\u00e9 \u00e0 la lev\u00e9e de fonds citoyenne.<br>L\u2019exemple du Fief-Sauvin \u00e9tait mis en avant, o\u00f9 notre SAS a r\u00e9ussi avec succ\u00e8s \u00e0 collecter plus de trois millions d\u2019euros en quelques mois. <br>Marc Mauget et G\u00e9rard Grellier ont t\u00e9moign\u00e9 de l\u2019exp\u00e9rience de Vents d\u2019Evre. <br>Plus de trente participants \u00e9taient connect\u00e9s, repr\u00e9sentant des collectifs citoyens des r\u00e9gions de l\u2019Ouest et d\u2019ailleurs.<\/p>\n\n\n\n<p>\/<\/p>\n\n\n\n<figure class=\"wp-block-gallery has-nested-images columns-default is-cropped wp-block-gallery-1 is-layout-flex wp-block-gallery-is-layout-flex\">\n<figure class=\"wp-block-image size-large\"><img loading=\"lazy\" decoding=\"async\" width=\"1024\" height=\"768\" data-id=\"893\" src=\"https:\/\/ventsdevre.fr\/WP\/wp-content\/uploads\/2024\/07\/Webinaire-RECIT-G.-Grellier-et-Marc-Mauget-1024x768.jpg\" alt=\"\" class=\"wp-image-893\" srcset=\"https:\/\/ventsdevre.fr\/WP\/wp-content\/uploads\/2024\/07\/Webinaire-RECIT-G.-Grellier-et-Marc-Mauget-1024x768.jpg 1024w, https:\/\/ventsdevre.fr\/WP\/wp-content\/uploads\/2024\/07\/Webinaire-RECIT-G.-Grellier-et-Marc-Mauget-300x225.jpg 300w, https:\/\/ventsdevre.fr\/WP\/wp-content\/uploads\/2024\/07\/Webinaire-RECIT-G.-Grellier-et-Marc-Mauget-768x576.jpg 768w, https:\/\/ventsdevre.fr\/WP\/wp-content\/uploads\/2024\/07\/Webinaire-RECIT-G.-Grellier-et-Marc-Mauget-1536x1152.jpg 1536w, https:\/\/ventsdevre.fr\/WP\/wp-content\/uploads\/2024\/07\/Webinaire-RECIT-G.-Grellier-et-Marc-Mauget-2048x1536.jpg 2048w\" sizes=\"auto, (max-width: 1024px) 100vw, 1024px\" \/><figcaption class=\"wp-element-caption\">Webinaire RECIT G. Grellier et Marc Maug\u00e9<\/figcaption><\/figure>\n<\/figure>\n","protected":false},"excerpt":{"rendered":"<p>RECIT Pays de la Loire (r\u00e9seau qui promeut les projets d\u2019\u00e9nergie citoyenne) organisait le 26 juin un webinaire consacr\u00e9 \u00e0 la lev\u00e9e de fonds citoyenne.L\u2019exemple &hellip; <\/p>\n","protected":false},"author":3,"featured_media":893,"comment_status":"closed","ping_status":"closed","sticky":false,"template":"","format":"standard","meta":{"cybocfi_hide_featured_image":"yes","footnotes":""},"categories":[7,10,5],"tags":[],"class_list":["post-892","post","type-post","status-publish","format-standard","has-post-thumbnail","hentry","category-accueil-menu","category-actualites","category-album-photos"],"_links":{"self":[{"href":"https:\/\/ventsdevre.fr\/WP\/wp-json\/wp\/v2\/posts\/892","targetHints":{"allow":["GET"]}}],"collection":[{"href":"https:\/\/ventsdevre.fr\/WP\/wp-json\/wp\/v2\/posts"}],"about":[{"href":"https:\/\/ventsdevre.fr\/WP\/wp-json\/wp\/v2\/types\/post"}],"author":[{"embeddable":true,"href":"https:\/\/ventsdevre.fr\/WP\/wp-json\/wp\/v2\/users\/3"}],"replies":[{"embeddable":true,"href":"https:\/\/ventsdevre.fr\/WP\/wp-json\/wp\/v2\/comments?post=892"}],"version-history":[{"count":1,"href":"https:\/\/ventsdevre.fr\/WP\/wp-json\/wp\/v2\/posts\/892\/revisions"}],"predecessor-version":[{"id":894,"href":"https:\/\/ventsdevre.fr\/WP\/wp-json\/wp\/v2\/posts\/892\/revisions\/894"}],"wp:featuredmedia":[{"embeddable":true,"href":"https:\/\/ventsdevre.fr\/WP\/wp-json\/wp\/v2\/media\/893"}],"wp:attachment":[{"href":"https:\/\/ventsdevre.fr\/WP\/wp-json\/wp\/v2\/media?parent=892"}],"wp:term":[{"taxonomy":"category","embeddable":true,"href":"https:\/\/ventsdevre.fr\/WP\/wp-json\/wp\/v2\/categories?post=892"},{"taxonomy":"post_tag","embeddable":true,"href":"https:\/\/ventsdevre.fr\/WP\/wp-json\/wp\/v2\/tags?post=892"}],"curies":[{"name":"wp","href":"https:\/\/api.w.org\/{rel}","templated":true}]}}