{"id":881,"date":"2024-07-05T10:15:27","date_gmt":"2024-07-05T08:15:27","guid":{"rendered":"https:\/\/ventsdevre.fr\/WP\/?p=881"},"modified":"2024-07-05T10:22:00","modified_gmt":"2024-07-05T08:22:00","slug":"rachat-du-parc","status":"publish","type":"post","link":"https:\/\/ventsdevre.fr\/WP\/2024\/07\/05\/rachat-du-parc\/","title":{"rendered":"Rachat du Parc"},"content":{"rendered":"\n<p><br>Le mardi 21 mai, nous (<em>SAS Eoliennes du Fief Sauvin<\/em>\u00a0et\u00a0<em>Energie Partag\u00e9e Investissement<\/em>) avons sign\u00e9 avec Valorem la cession du Parc \u00e9olien et sommes devenus acqu\u00e9reurs de la soci\u00e9t\u00e9\u00a0<em>Fief-Sauvin Energies<\/em>. Nous avons c\u00e9l\u00e9br\u00e9 ce petit \u00e9v\u00e9nement avec  Valorem le 25 juin 2024.<\/p>\n\n\n\n<figure class=\"wp-block-gallery has-nested-images columns-default is-cropped wp-block-gallery-1 is-layout-flex wp-block-gallery-is-layout-flex\">\n<figure class=\"wp-block-image size-large\"><img loading=\"lazy\" decoding=\"async\" width=\"680\" height=\"1024\" data-id=\"887\" src=\"https:\/\/ventsdevre.fr\/WP\/wp-content\/uploads\/2024\/07\/Damien-Reveau-Pres.-de-la-SAS-Citoyenne-680x1024.jpg\" alt=\"\" class=\"wp-image-887\" srcset=\"https:\/\/ventsdevre.fr\/WP\/wp-content\/uploads\/2024\/07\/Damien-Reveau-Pres.-de-la-SAS-Citoyenne-680x1024.jpg 680w, https:\/\/ventsdevre.fr\/WP\/wp-content\/uploads\/2024\/07\/Damien-Reveau-Pres.-de-la-SAS-Citoyenne-199x300.jpg 199w, https:\/\/ventsdevre.fr\/WP\/wp-content\/uploads\/2024\/07\/Damien-Reveau-Pres.-de-la-SAS-Citoyenne-768x1156.jpg 768w, https:\/\/ventsdevre.fr\/WP\/wp-content\/uploads\/2024\/07\/Damien-Reveau-Pres.-de-la-SAS-Citoyenne.jpg 916w\" sizes=\"auto, (max-width: 680px) 100vw, 680px\" \/><figcaption class=\"wp-element-caption\">Damien Reveau Pdt de la SAS Citoyenne<\/figcaption><\/figure>\n\n\n\n<figure class=\"wp-block-image size-large\"><img loading=\"lazy\" decoding=\"async\" width=\"1024\" height=\"768\" data-id=\"890\" src=\"https:\/\/ventsdevre.fr\/WP\/wp-content\/uploads\/2024\/07\/Gregory-Faillenet-Yann-Guezel-et-Julie-Polge-1024x768.jpg\" alt=\"\" class=\"wp-image-890\" srcset=\"https:\/\/ventsdevre.fr\/WP\/wp-content\/uploads\/2024\/07\/Gregory-Faillenet-Yann-Guezel-et-Julie-Polge-1024x768.jpg 1024w, https:\/\/ventsdevre.fr\/WP\/wp-content\/uploads\/2024\/07\/Gregory-Faillenet-Yann-Guezel-et-Julie-Polge-300x225.jpg 300w, https:\/\/ventsdevre.fr\/WP\/wp-content\/uploads\/2024\/07\/Gregory-Faillenet-Yann-Guezel-et-Julie-Polge-768x576.jpg 768w, https:\/\/ventsdevre.fr\/WP\/wp-content\/uploads\/2024\/07\/Gregory-Faillenet-Yann-Guezel-et-Julie-Polge-1536x1152.jpg 1536w, https:\/\/ventsdevre.fr\/WP\/wp-content\/uploads\/2024\/07\/Gregory-Faillenet-Yann-Guezel-et-Julie-Polge.jpg 1600w\" sizes=\"auto, (max-width: 1024px) 100vw, 1024px\" \/><figcaption class=\"wp-element-caption\">Gr\u00e9gory Faillenet Yann Guezel et Julie Polge<\/figcaption><\/figure>\n\n\n\n<figure class=\"wp-block-image size-large\"><img loading=\"lazy\" decoding=\"async\" width=\"1024\" height=\"768\" data-id=\"882\" src=\"https:\/\/ventsdevre.fr\/WP\/wp-content\/uploads\/2024\/07\/IMG-20240701-WA0017-1024x768.jpg\" alt=\"\" class=\"wp-image-882\" srcset=\"https:\/\/ventsdevre.fr\/WP\/wp-content\/uploads\/2024\/07\/IMG-20240701-WA0017-1024x768.jpg 1024w, https:\/\/ventsdevre.fr\/WP\/wp-content\/uploads\/2024\/07\/IMG-20240701-WA0017-300x225.jpg 300w, https:\/\/ventsdevre.fr\/WP\/wp-content\/uploads\/2024\/07\/IMG-20240701-WA0017-768x576.jpg 768w, https:\/\/ventsdevre.fr\/WP\/wp-content\/uploads\/2024\/07\/IMG-20240701-WA0017-1536x1152.jpg 1536w, https:\/\/ventsdevre.fr\/WP\/wp-content\/uploads\/2024\/07\/IMG-20240701-WA0017.jpg 1600w\" sizes=\"auto, (max-width: 1024px) 100vw, 1024px\" \/><\/figure>\n\n\n\n<figure class=\"wp-block-image size-large\"><img loading=\"lazy\" decoding=\"async\" width=\"1024\" height=\"768\" data-id=\"884\" src=\"https:\/\/ventsdevre.fr\/WP\/wp-content\/uploads\/2024\/07\/IMG-20240701-WA0018-1024x768.jpg\" alt=\"\" class=\"wp-image-884\" srcset=\"https:\/\/ventsdevre.fr\/WP\/wp-content\/uploads\/2024\/07\/IMG-20240701-WA0018-1024x768.jpg 1024w, https:\/\/ventsdevre.fr\/WP\/wp-content\/uploads\/2024\/07\/IMG-20240701-WA0018-300x225.jpg 300w, https:\/\/ventsdevre.fr\/WP\/wp-content\/uploads\/2024\/07\/IMG-20240701-WA0018-768x576.jpg 768w, https:\/\/ventsdevre.fr\/WP\/wp-content\/uploads\/2024\/07\/IMG-20240701-WA0018-1536x1152.jpg 1536w, https:\/\/ventsdevre.fr\/WP\/wp-content\/uploads\/2024\/07\/IMG-20240701-WA0018.jpg 1600w\" sizes=\"auto, (max-width: 1024px) 100vw, 1024px\" \/><\/figure>\n\n\n\n<figure class=\"wp-block-image size-large\"><img loading=\"lazy\" decoding=\"async\" width=\"1024\" height=\"768\" data-id=\"888\" src=\"https:\/\/ventsdevre.fr\/WP\/wp-content\/uploads\/2024\/07\/IMG-20240701-WA0019-1024x768.jpg\" alt=\"\" class=\"wp-image-888\" srcset=\"https:\/\/ventsdevre.fr\/WP\/wp-content\/uploads\/2024\/07\/IMG-20240701-WA0019-1024x768.jpg 1024w, https:\/\/ventsdevre.fr\/WP\/wp-content\/uploads\/2024\/07\/IMG-20240701-WA0019-300x225.jpg 300w, https:\/\/ventsdevre.fr\/WP\/wp-content\/uploads\/2024\/07\/IMG-20240701-WA0019-768x576.jpg 768w, https:\/\/ventsdevre.fr\/WP\/wp-content\/uploads\/2024\/07\/IMG-20240701-WA0019-1536x1152.jpg 1536w, https:\/\/ventsdevre.fr\/WP\/wp-content\/uploads\/2024\/07\/IMG-20240701-WA0019.jpg 1600w\" sizes=\"auto, (max-width: 1024px) 100vw, 1024px\" \/><\/figure>\n\n\n\n<figure class=\"wp-block-image size-large\"><img loading=\"lazy\" decoding=\"async\" width=\"768\" height=\"1024\" data-id=\"889\" src=\"https:\/\/ventsdevre.fr\/WP\/wp-content\/uploads\/2024\/07\/IMG-20240701-WA0022-768x1024.jpg\" alt=\"\" class=\"wp-image-889\" srcset=\"https:\/\/ventsdevre.fr\/WP\/wp-content\/uploads\/2024\/07\/IMG-20240701-WA0022-768x1024.jpg 768w, https:\/\/ventsdevre.fr\/WP\/wp-content\/uploads\/2024\/07\/IMG-20240701-WA0022-225x300.jpg 225w, https:\/\/ventsdevre.fr\/WP\/wp-content\/uploads\/2024\/07\/IMG-20240701-WA0022-1152x1536.jpg 1152w, https:\/\/ventsdevre.fr\/WP\/wp-content\/uploads\/2024\/07\/IMG-20240701-WA0022.jpg 1200w\" sizes=\"auto, (max-width: 768px) 100vw, 768px\" \/><\/figure>\n\n\n\n<figure class=\"wp-block-image size-large\"><img loading=\"lazy\" decoding=\"async\" width=\"679\" height=\"1024\" data-id=\"885\" src=\"https:\/\/ventsdevre.fr\/WP\/wp-content\/uploads\/2024\/07\/Patricia-Petiteau-et-Gerard-Grellier-679x1024.jpg\" alt=\"\" class=\"wp-image-885\" srcset=\"https:\/\/ventsdevre.fr\/WP\/wp-content\/uploads\/2024\/07\/Patricia-Petiteau-et-Gerard-Grellier-679x1024.jpg 679w, https:\/\/ventsdevre.fr\/WP\/wp-content\/uploads\/2024\/07\/Patricia-Petiteau-et-Gerard-Grellier-199x300.jpg 199w, https:\/\/ventsdevre.fr\/WP\/wp-content\/uploads\/2024\/07\/Patricia-Petiteau-et-Gerard-Grellier-768x1157.jpg 768w, https:\/\/ventsdevre.fr\/WP\/wp-content\/uploads\/2024\/07\/Patricia-Petiteau-et-Gerard-Grellier.jpg 773w\" sizes=\"auto, (max-width: 679px) 100vw, 679px\" \/><figcaption class=\"wp-element-caption\">Patricia Petiteau et G\u00e9rard Grellier<\/figcaption><\/figure>\n\n\n\n<figure class=\"wp-block-image size-large\"><img loading=\"lazy\" decoding=\"async\" width=\"768\" height=\"1024\" data-id=\"883\" src=\"https:\/\/ventsdevre.fr\/WP\/wp-content\/uploads\/2024\/07\/Thierry-Haas-et-Damien-Reveau-768x1024.jpg\" alt=\"\" class=\"wp-image-883\" srcset=\"https:\/\/ventsdevre.fr\/WP\/wp-content\/uploads\/2024\/07\/Thierry-Haas-et-Damien-Reveau-768x1024.jpg 768w, https:\/\/ventsdevre.fr\/WP\/wp-content\/uploads\/2024\/07\/Thierry-Haas-et-Damien-Reveau-225x300.jpg 225w, https:\/\/ventsdevre.fr\/WP\/wp-content\/uploads\/2024\/07\/Thierry-Haas-et-Damien-Reveau-1152x1536.jpg 1152w, https:\/\/ventsdevre.fr\/WP\/wp-content\/uploads\/2024\/07\/Thierry-Haas-et-Damien-Reveau.jpg 1200w\" sizes=\"auto, (max-width: 768px) 100vw, 768px\" \/><figcaption class=\"wp-element-caption\">Thierry Haas et Damien Reveau<\/figcaption><\/figure>\n\n\n\n<figure class=\"wp-block-image size-large\"><img loading=\"lazy\" decoding=\"async\" width=\"758\" height=\"529\" data-id=\"886\" src=\"https:\/\/ventsdevre.fr\/WP\/wp-content\/uploads\/2024\/07\/Valorem-A.-Duchene-et-Th.-Haas.jpg\" alt=\"\" class=\"wp-image-886\" srcset=\"https:\/\/ventsdevre.fr\/WP\/wp-content\/uploads\/2024\/07\/Valorem-A.-Duchene-et-Th.-Haas.jpg 758w, https:\/\/ventsdevre.fr\/WP\/wp-content\/uploads\/2024\/07\/Valorem-A.-Duchene-et-Th.-Haas-300x209.jpg 300w, https:\/\/ventsdevre.fr\/WP\/wp-content\/uploads\/2024\/07\/Valorem-A.-Duchene-et-Th.-Haas-120x85.jpg 120w\" sizes=\"auto, (max-width: 758px) 100vw, 758px\" \/><figcaption class=\"wp-element-caption\">Valorem A. Duchene et Th. Haas<\/figcaption><\/figure>\n<\/figure>\n","protected":false},"excerpt":{"rendered":"<p>Le mardi 21 mai, nous (SAS Eoliennes du Fief Sauvin\u00a0et\u00a0Energie Partag\u00e9e Investissement) avons sign\u00e9 avec Valorem la cession du Parc \u00e9olien et sommes devenus acqu\u00e9reurs &hellip; <\/p>\n","protected":false},"author":1,"featured_media":882,"comment_status":"closed","ping_status":"closed","sticky":false,"template":"","format":"standard","meta":{"cybocfi_hide_featured_image":"yes","footnotes":""},"categories":[7,10,5],"tags":[],"class_list":["post-881","post","type-post","status-publish","format-standard","has-post-thumbnail","hentry","category-accueil-menu","category-actualites","category-album-photos"],"_links":{"self":[{"href":"https:\/\/ventsdevre.fr\/WP\/wp-json\/wp\/v2\/posts\/881","targetHints":{"allow":["GET"]}}],"collection":[{"href":"https:\/\/ventsdevre.fr\/WP\/wp-json\/wp\/v2\/posts"}],"about":[{"href":"https:\/\/ventsdevre.fr\/WP\/wp-json\/wp\/v2\/types\/post"}],"author":[{"embeddable":true,"href":"https:\/\/ventsdevre.fr\/WP\/wp-json\/wp\/v2\/users\/1"}],"replies":[{"embeddable":true,"href":"https:\/\/ventsdevre.fr\/WP\/wp-json\/wp\/v2\/comments?post=881"}],"version-history":[{"count":1,"href":"https:\/\/ventsdevre.fr\/WP\/wp-json\/wp\/v2\/posts\/881\/revisions"}],"predecessor-version":[{"id":891,"href":"https:\/\/ventsdevre.fr\/WP\/wp-json\/wp\/v2\/posts\/881\/revisions\/891"}],"wp:featuredmedia":[{"embeddable":true,"href":"https:\/\/ventsdevre.fr\/WP\/wp-json\/wp\/v2\/media\/882"}],"wp:attachment":[{"href":"https:\/\/ventsdevre.fr\/WP\/wp-json\/wp\/v2\/media?parent=881"}],"wp:term":[{"taxonomy":"category","embeddable":true,"href":"https:\/\/ventsdevre.fr\/WP\/wp-json\/wp\/v2\/categories?post=881"},{"taxonomy":"post_tag","embeddable":true,"href":"https:\/\/ventsdevre.fr\/WP\/wp-json\/wp\/v2\/tags?post=881"}],"curies":[{"name":"wp","href":"https:\/\/api.w.org\/{rel}","templated":true}]}}