{"id":875,"date":"2024-07-05T09:55:00","date_gmt":"2024-07-05T07:55:00","guid":{"rendered":"https:\/\/ventsdevre.fr\/WP\/?p=875"},"modified":"2024-07-05T10:22:08","modified_gmt":"2024-07-05T08:22:08","slug":"merci-a-francois-raphael-et-samuel","status":"publish","type":"post","link":"https:\/\/ventsdevre.fr\/WP\/2024\/07\/05\/merci-a-francois-raphael-et-samuel\/","title":{"rendered":"Merci \u00e0 Fran\u00e7ois, Rapha\u00ebl et Samuel"},"content":{"rendered":"\r\n<p>Pour arriver \u00e0 la signature des diff\u00e9rents contrats (fin mai 2024) et au <em>closing<\/em> bancaire (5 juin), les n\u00e9gociations ont \u00e9t\u00e9 intenses avec nos diff\u00e9rents partenaires (Valorem, banques, Nordex), en lien avec notre cabinet d\u2019avocats. Le travail accompli a \u00e9t\u00e9 consid\u00e9rable. Un immense bravo et un tr\u00e8s grand merci \u00e0 Fran\u00e7ois Girard et Rapha\u00ebl Tra\u00eeneau (Atout Vent Conseil) et \u00e0 Samuel Faure (Energie Partag\u00e9e) pour leur engagement sans compter au cours de ces premiers mois de 2024.<\/p>\r\n\r\n\r\n\r\n<figure class=\"wp-block-gallery has-nested-images columns-default is-cropped wp-block-gallery-1 is-layout-flex wp-block-gallery-is-layout-flex\">\r\n<figure class=\"wp-block-image size-large\"><img loading=\"lazy\" decoding=\"async\" width=\"1024\" height=\"697\" data-id=\"878\" class=\"wp-image-878\" src=\"https:\/\/ventsdevre.fr\/WP\/wp-content\/uploads\/2024\/07\/F.-Girard-et-R.-Traineau-1024x697.jpg\" alt=\"\" srcset=\"https:\/\/ventsdevre.fr\/WP\/wp-content\/uploads\/2024\/07\/F.-Girard-et-R.-Traineau-1024x697.jpg 1024w, https:\/\/ventsdevre.fr\/WP\/wp-content\/uploads\/2024\/07\/F.-Girard-et-R.-Traineau-300x204.jpg 300w, https:\/\/ventsdevre.fr\/WP\/wp-content\/uploads\/2024\/07\/F.-Girard-et-R.-Traineau-768x523.jpg 768w, https:\/\/ventsdevre.fr\/WP\/wp-content\/uploads\/2024\/07\/F.-Girard-et-R.-Traineau.jpg 1536w\" sizes=\"auto, (max-width: 1024px) 100vw, 1024px\" \/><\/figure>\r\n\r\n\r\n\r\n<figure class=\"wp-block-image size-large\"><img loading=\"lazy\" decoding=\"async\" width=\"660\" height=\"799\" data-id=\"876\" class=\"wp-image-876\" src=\"https:\/\/ventsdevre.fr\/WP\/wp-content\/uploads\/2024\/07\/IMG-20240701-WA0011.jpg\" alt=\"\" srcset=\"https:\/\/ventsdevre.fr\/WP\/wp-content\/uploads\/2024\/07\/IMG-20240701-WA0011.jpg 660w, https:\/\/ventsdevre.fr\/WP\/wp-content\/uploads\/2024\/07\/IMG-20240701-WA0011-248x300.jpg 248w\" sizes=\"auto, (max-width: 660px) 100vw, 660px\" \/><\/figure>\r\n\r\n\r\n\r\n<figure class=\"wp-block-image size-large\"><img loading=\"lazy\" decoding=\"async\" width=\"768\" height=\"1024\" data-id=\"877\" class=\"wp-image-877\" src=\"https:\/\/ventsdevre.fr\/WP\/wp-content\/uploads\/2024\/07\/IMG-20240701-WA00121-768x1024.jpg\" alt=\"\" srcset=\"https:\/\/ventsdevre.fr\/WP\/wp-content\/uploads\/2024\/07\/IMG-20240701-WA00121-768x1024.jpg 768w, https:\/\/ventsdevre.fr\/WP\/wp-content\/uploads\/2024\/07\/IMG-20240701-WA00121-225x300.jpg 225w, https:\/\/ventsdevre.fr\/WP\/wp-content\/uploads\/2024\/07\/IMG-20240701-WA00121-1152x1536.jpg 1152w, https:\/\/ventsdevre.fr\/WP\/wp-content\/uploads\/2024\/07\/IMG-20240701-WA00121.jpg 1536w\" sizes=\"auto, (max-width: 768px) 100vw, 768px\" \/><\/figure>\r\n<\/figure>\r\n","protected":false},"excerpt":{"rendered":"<p>Pour arriver \u00e0 la signature des diff\u00e9rents contrats (fin mai 2024) et au closing bancaire (5 juin), les n\u00e9gociations ont \u00e9t\u00e9 intenses avec nos diff\u00e9rents &hellip; <\/p>\n","protected":false},"author":1,"featured_media":878,"comment_status":"closed","ping_status":"closed","sticky":false,"template":"","format":"standard","meta":{"cybocfi_hide_featured_image":"yes","footnotes":""},"categories":[7,10,5],"tags":[],"class_list":["post-875","post","type-post","status-publish","format-standard","has-post-thumbnail","hentry","category-accueil-menu","category-actualites","category-album-photos"],"_links":{"self":[{"href":"https:\/\/ventsdevre.fr\/WP\/wp-json\/wp\/v2\/posts\/875","targetHints":{"allow":["GET"]}}],"collection":[{"href":"https:\/\/ventsdevre.fr\/WP\/wp-json\/wp\/v2\/posts"}],"about":[{"href":"https:\/\/ventsdevre.fr\/WP\/wp-json\/wp\/v2\/types\/post"}],"author":[{"embeddable":true,"href":"https:\/\/ventsdevre.fr\/WP\/wp-json\/wp\/v2\/users\/1"}],"replies":[{"embeddable":true,"href":"https:\/\/ventsdevre.fr\/WP\/wp-json\/wp\/v2\/comments?post=875"}],"version-history":[{"count":2,"href":"https:\/\/ventsdevre.fr\/WP\/wp-json\/wp\/v2\/posts\/875\/revisions"}],"predecessor-version":[{"id":880,"href":"https:\/\/ventsdevre.fr\/WP\/wp-json\/wp\/v2\/posts\/875\/revisions\/880"}],"wp:featuredmedia":[{"embeddable":true,"href":"https:\/\/ventsdevre.fr\/WP\/wp-json\/wp\/v2\/media\/878"}],"wp:attachment":[{"href":"https:\/\/ventsdevre.fr\/WP\/wp-json\/wp\/v2\/media?parent=875"}],"wp:term":[{"taxonomy":"category","embeddable":true,"href":"https:\/\/ventsdevre.fr\/WP\/wp-json\/wp\/v2\/categories?post=875"},{"taxonomy":"post_tag","embeddable":true,"href":"https:\/\/ventsdevre.fr\/WP\/wp-json\/wp\/v2\/tags?post=875"}],"curies":[{"name":"wp","href":"https:\/\/api.w.org\/{rel}","templated":true}]}}