{"id":860,"date":"2024-06-10T09:18:27","date_gmt":"2024-06-10T07:18:27","guid":{"rendered":"https:\/\/ventsdevre.fr\/WP\/?p=860"},"modified":"2024-06-11T12:32:16","modified_gmt":"2024-06-11T10:32:16","slug":"le-point-en-ce-debut-juin-2024","status":"publish","type":"post","link":"https:\/\/ventsdevre.fr\/WP\/2024\/06\/10\/le-point-en-ce-debut-juin-2024\/","title":{"rendered":"Le point en ce d\u00e9but juin 2024"},"content":{"rendered":"\r\n<p>Ces derni\u00e8res semaines ont \u00e9t\u00e9 d\u00e9terminantes pour n<span style=\"font-size: 1.125rem;\">otre projet de Parc Eolien Citoyen<\/span><span style=\"font-size: 1.125rem;\">\u00a0<\/span><\/p>\r\n\r\n\r\n\r\n<p><strong><u>1 &#8211; Rachat du Parc<\/u><\/strong><br \/>Le mardi 21 mai, nous (<em>SAS Eoliennes du Fief Sauvin<\/em>\u00a0et\u00a0<em>Energie Partag\u00e9e Investissement<\/em>) avons sign\u00e9 avec Valorem la cession du Parc \u00e9olien et sommes devenus acqu\u00e9reurs de la soci\u00e9t\u00e9\u00a0<em>Fief-Sauvin Energies<\/em>. Pour c\u00e9l\u00e9brer ce petit \u00e9v\u00e9nement, nous aurons une rencontre avec Valorem le 25 juin prochain.<\/p>\r\n\r\n\r\n\r\n<p><strong><u>2 &#8211; Achat des machines<\/u><\/strong><br \/>D\u00e8s le lendemain, le mercredi 22 mai, nous avons sign\u00e9 le bon de commande avec l&rsquo;entreprise Nordex, pour quatre \u00e9oliennes N131. Ces quatre \u00e9oliennes nous seront livr\u00e9es au printemps 2025<\/p>\r\n\r\n\r\n\r\n<p><strong><u>3 &#8211; Signature des contrats de pr\u00eat<\/u><\/strong><br \/>Mardi 5 juin, nous avons sign\u00e9 les contrats de pr\u00eats avec nos deux banques partenaires : BPGO et Energeco.<\/p>\r\n\r\n\r\n\r\n<p><strong><u>4 &#8211; Lev\u00e9e de fonds<\/u><\/strong><br \/>Tout ceci a pu se faire gr\u00e2ce \u00e0 l&rsquo;engagement de vous tous. <br \/>Aujourd&rsquo;hui, notre SAS citoyenne compte 448 actionnaires et d\u00e8s la fin avril, notre lev\u00e9e de fonds a atteint l&rsquo;objectif que nous nous \u00e9tions fix\u00e9 (nous escomptions 2,8 millions d&rsquo;euros, et nous sommes au-del\u00e0 de 3 millions).<br \/>Cependant, nous avons encore la possibilit\u00e9 d&rsquo;augmenter nos fonds propres de 200 000\u20ac pendant les quelques semaines \u00e0 venir. <br \/>Pour ceux d&rsquo;entre vous qui seraient int\u00e9ress\u00e9s, vous avez donc la possibilit\u00e9 d&rsquo;augmenter votre participation (dans la limite de 20 parts par personne bien entendu). Les dossiers seront trait\u00e9s dans leur ordre de r\u00e9ception (en cas de d\u00e9passement du budget restant de 200 000\u20ac).<br \/>Les documents et le mode op\u00e9ratoire se trouvent <span style=\"font-size: 18pt;\"><a href=\"https:\/\/ventsdevre.fr\/WP\/2023\/12\/01\/investir-dans-la-sas-en-tant-que-citoyen\/\">ici<\/a>.<br \/><\/span>D\u00e9sormais, les r\u00e9unions sur le terrain vont se multiplier avec comme objectif la date du lundi 2 septembre prochain : ce sera le d\u00e9but du chantier.<br \/>Nous vous souhaitons un bel \u00e9t\u00e9.<br \/>Le Conseil d&rsquo;administration de la <em>SAS Eoliennes du Fief-Sauvin<\/em><br \/>(<em>Pour nous contacter, c&rsquo;est <a href=\"https:\/\/ventsdevre.fr\/WP\/nous-contacter\/\">ici<\/a><\/em>)<\/p>\r\n\r\n\r\n\r\n\r\n\r\n\r\n\r\n\r\n\r\n<p>&nbsp;<\/p>\r\n\r\n\r\n\r\n<p>&nbsp;<\/p>\r\n","protected":false},"excerpt":{"rendered":"<p>Ces derni\u00e8res semaines ont \u00e9t\u00e9 d\u00e9terminantes pour notre projet de Parc Eolien Citoyen\u00a0 1 &#8211; Rachat du ParcLe mardi 21 mai, nous (SAS Eoliennes du &hellip; <\/p>\n","protected":false},"author":1,"featured_media":467,"comment_status":"closed","ping_status":"closed","sticky":false,"template":"","format":"standard","meta":{"cybocfi_hide_featured_image":"yes","footnotes":""},"categories":[7,10],"tags":[],"class_list":["post-860","post","type-post","status-publish","format-standard","has-post-thumbnail","hentry","category-accueil-menu","category-actualites"],"_links":{"self":[{"href":"https:\/\/ventsdevre.fr\/WP\/wp-json\/wp\/v2\/posts\/860","targetHints":{"allow":["GET"]}}],"collection":[{"href":"https:\/\/ventsdevre.fr\/WP\/wp-json\/wp\/v2\/posts"}],"about":[{"href":"https:\/\/ventsdevre.fr\/WP\/wp-json\/wp\/v2\/types\/post"}],"author":[{"embeddable":true,"href":"https:\/\/ventsdevre.fr\/WP\/wp-json\/wp\/v2\/users\/1"}],"replies":[{"embeddable":true,"href":"https:\/\/ventsdevre.fr\/WP\/wp-json\/wp\/v2\/comments?post=860"}],"version-history":[{"count":7,"href":"https:\/\/ventsdevre.fr\/WP\/wp-json\/wp\/v2\/posts\/860\/revisions"}],"predecessor-version":[{"id":872,"href":"https:\/\/ventsdevre.fr\/WP\/wp-json\/wp\/v2\/posts\/860\/revisions\/872"}],"wp:featuredmedia":[{"embeddable":true,"href":"https:\/\/ventsdevre.fr\/WP\/wp-json\/wp\/v2\/media\/467"}],"wp:attachment":[{"href":"https:\/\/ventsdevre.fr\/WP\/wp-json\/wp\/v2\/media?parent=860"}],"wp:term":[{"taxonomy":"category","embeddable":true,"href":"https:\/\/ventsdevre.fr\/WP\/wp-json\/wp\/v2\/categories?post=860"},{"taxonomy":"post_tag","embeddable":true,"href":"https:\/\/ventsdevre.fr\/WP\/wp-json\/wp\/v2\/tags?post=860"}],"curies":[{"name":"wp","href":"https:\/\/api.w.org\/{rel}","templated":true}]}}