{"id":843,"date":"2024-04-08T11:24:33","date_gmt":"2024-04-08T09:24:33","guid":{"rendered":"https:\/\/ventsdevre.fr\/WP\/?p=843"},"modified":"2024-04-08T16:29:19","modified_gmt":"2024-04-08T14:29:19","slug":"reunion-publique-au-fief-sauvin","status":"publish","type":"post","link":"https:\/\/ventsdevre.fr\/WP\/2024\/04\/08\/reunion-publique-au-fief-sauvin\/","title":{"rendered":"R\u00e9union publique au Fief-Sauvin"},"content":{"rendered":"\n<p>Avec des LEGO\u00ae DUPLO\u00ae, on comprend mieux !<br><\/p>\n\n\n\n<p>Les citoyens d\u00e9j\u00e0 engag\u00e9s dans le Parc Eolien Citoyen ont \u00e9t\u00e9 nombreux \u00e0 venir s&rsquo;informer de l&rsquo;avanc\u00e9e du projet, \u00e0 quelques semaines du <em>closing<\/em> bancaire (et donc du rachat du parc par la Soci\u00e9t\u00e9 citoyenne).<br>On y comptait aussi une bonne vingtaine de nouveaux, curieux d&rsquo;en savoir un peu plus.\u00a0<\/p>\n\n\n\n<p>Au total, une bonne centaine de personnes pour cette derni\u00e8re r\u00e9union publique avant la cl\u00f4ture de la campagne de lev\u00e9e de fonds, programm\u00e9e pour le 13 avril 2024. <br>Il ne reste plus que quelques jours pour rejoindre les 390 citoyens d\u00e9j\u00e0 engag\u00e9s.<\/p>\n\n\n\n<figure class=\"wp-block-gallery has-nested-images columns-default is-cropped wp-block-gallery-1 is-layout-flex wp-block-gallery-is-layout-flex\">\n<figure class=\"wp-block-image size-large\"><img loading=\"lazy\" decoding=\"async\" width=\"1024\" height=\"768\" data-id=\"845\" src=\"https:\/\/ventsdevre.fr\/WP\/wp-content\/uploads\/2024\/04\/IMG_20240405_204237-1024x768.jpg\" alt=\"\" class=\"wp-image-845\" srcset=\"https:\/\/ventsdevre.fr\/WP\/wp-content\/uploads\/2024\/04\/IMG_20240405_204237-1024x768.jpg 1024w, https:\/\/ventsdevre.fr\/WP\/wp-content\/uploads\/2024\/04\/IMG_20240405_204237-300x225.jpg 300w, https:\/\/ventsdevre.fr\/WP\/wp-content\/uploads\/2024\/04\/IMG_20240405_204237-768x576.jpg 768w, https:\/\/ventsdevre.fr\/WP\/wp-content\/uploads\/2024\/04\/IMG_20240405_204237-1536x1152.jpg 1536w, https:\/\/ventsdevre.fr\/WP\/wp-content\/uploads\/2024\/04\/IMG_20240405_204237-2048x1536.jpg 2048w\" sizes=\"auto, (max-width: 1024px) 100vw, 1024px\" \/><\/figure>\n\n\n\n<figure class=\"wp-block-image size-large\"><img loading=\"lazy\" decoding=\"async\" width=\"1024\" height=\"768\" data-id=\"848\" src=\"https:\/\/ventsdevre.fr\/WP\/wp-content\/uploads\/2024\/04\/IMG_20240405_211356-1024x768.jpg\" alt=\"\" class=\"wp-image-848\" srcset=\"https:\/\/ventsdevre.fr\/WP\/wp-content\/uploads\/2024\/04\/IMG_20240405_211356-1024x768.jpg 1024w, https:\/\/ventsdevre.fr\/WP\/wp-content\/uploads\/2024\/04\/IMG_20240405_211356-300x225.jpg 300w, https:\/\/ventsdevre.fr\/WP\/wp-content\/uploads\/2024\/04\/IMG_20240405_211356-768x576.jpg 768w, https:\/\/ventsdevre.fr\/WP\/wp-content\/uploads\/2024\/04\/IMG_20240405_211356-1536x1152.jpg 1536w, https:\/\/ventsdevre.fr\/WP\/wp-content\/uploads\/2024\/04\/IMG_20240405_211356-2048x1536.jpg 2048w\" sizes=\"auto, (max-width: 1024px) 100vw, 1024px\" \/><\/figure>\n\n\n\n<figure class=\"wp-block-image size-large\"><img loading=\"lazy\" decoding=\"async\" width=\"1024\" height=\"768\" data-id=\"847\" src=\"https:\/\/ventsdevre.fr\/WP\/wp-content\/uploads\/2024\/04\/IMG_20240405_211308-1024x768.jpg\" alt=\"\" class=\"wp-image-847\" srcset=\"https:\/\/ventsdevre.fr\/WP\/wp-content\/uploads\/2024\/04\/IMG_20240405_211308-1024x768.jpg 1024w, https:\/\/ventsdevre.fr\/WP\/wp-content\/uploads\/2024\/04\/IMG_20240405_211308-300x225.jpg 300w, https:\/\/ventsdevre.fr\/WP\/wp-content\/uploads\/2024\/04\/IMG_20240405_211308-768x576.jpg 768w, https:\/\/ventsdevre.fr\/WP\/wp-content\/uploads\/2024\/04\/IMG_20240405_211308-1536x1152.jpg 1536w, https:\/\/ventsdevre.fr\/WP\/wp-content\/uploads\/2024\/04\/IMG_20240405_211308-2048x1536.jpg 2048w\" sizes=\"auto, (max-width: 1024px) 100vw, 1024px\" \/><\/figure>\n\n\n\n<figure class=\"wp-block-image size-large\"><img loading=\"lazy\" decoding=\"async\" width=\"1024\" height=\"768\" data-id=\"846\" src=\"https:\/\/ventsdevre.fr\/WP\/wp-content\/uploads\/2024\/04\/IMG_20240405_204301-1024x768.jpg\" alt=\"\" class=\"wp-image-846\" srcset=\"https:\/\/ventsdevre.fr\/WP\/wp-content\/uploads\/2024\/04\/IMG_20240405_204301-1024x768.jpg 1024w, https:\/\/ventsdevre.fr\/WP\/wp-content\/uploads\/2024\/04\/IMG_20240405_204301-300x225.jpg 300w, https:\/\/ventsdevre.fr\/WP\/wp-content\/uploads\/2024\/04\/IMG_20240405_204301-768x576.jpg 768w, https:\/\/ventsdevre.fr\/WP\/wp-content\/uploads\/2024\/04\/IMG_20240405_204301-1536x1152.jpg 1536w, https:\/\/ventsdevre.fr\/WP\/wp-content\/uploads\/2024\/04\/IMG_20240405_204301-2048x1536.jpg 2048w\" sizes=\"auto, (max-width: 1024px) 100vw, 1024px\" \/><\/figure>\n<\/figure>\n","protected":false},"excerpt":{"rendered":"<p>Avec des LEGO\u00ae DUPLO\u00ae, on comprend mieux ! Les citoyens d\u00e9j\u00e0 engag\u00e9s dans le Parc Eolien Citoyen ont \u00e9t\u00e9 nombreux \u00e0 venir s&rsquo;informer de l&rsquo;avanc\u00e9e &hellip; <\/p>\n","protected":false},"author":1,"featured_media":848,"comment_status":"closed","ping_status":"closed","sticky":false,"template":"","format":"standard","meta":{"cybocfi_hide_featured_image":"yes","footnotes":""},"categories":[7,10,5],"tags":[],"class_list":["post-843","post","type-post","status-publish","format-standard","has-post-thumbnail","hentry","category-accueil-menu","category-actualites","category-album-photos"],"_links":{"self":[{"href":"https:\/\/ventsdevre.fr\/WP\/wp-json\/wp\/v2\/posts\/843","targetHints":{"allow":["GET"]}}],"collection":[{"href":"https:\/\/ventsdevre.fr\/WP\/wp-json\/wp\/v2\/posts"}],"about":[{"href":"https:\/\/ventsdevre.fr\/WP\/wp-json\/wp\/v2\/types\/post"}],"author":[{"embeddable":true,"href":"https:\/\/ventsdevre.fr\/WP\/wp-json\/wp\/v2\/users\/1"}],"replies":[{"embeddable":true,"href":"https:\/\/ventsdevre.fr\/WP\/wp-json\/wp\/v2\/comments?post=843"}],"version-history":[{"count":3,"href":"https:\/\/ventsdevre.fr\/WP\/wp-json\/wp\/v2\/posts\/843\/revisions"}],"predecessor-version":[{"id":852,"href":"https:\/\/ventsdevre.fr\/WP\/wp-json\/wp\/v2\/posts\/843\/revisions\/852"}],"wp:featuredmedia":[{"embeddable":true,"href":"https:\/\/ventsdevre.fr\/WP\/wp-json\/wp\/v2\/media\/848"}],"wp:attachment":[{"href":"https:\/\/ventsdevre.fr\/WP\/wp-json\/wp\/v2\/media?parent=843"}],"wp:term":[{"taxonomy":"category","embeddable":true,"href":"https:\/\/ventsdevre.fr\/WP\/wp-json\/wp\/v2\/categories?post=843"},{"taxonomy":"post_tag","embeddable":true,"href":"https:\/\/ventsdevre.fr\/WP\/wp-json\/wp\/v2\/tags?post=843"}],"curies":[{"name":"wp","href":"https:\/\/api.w.org\/{rel}","templated":true}]}}