{"id":829,"date":"2024-03-25T09:36:16","date_gmt":"2024-03-25T08:36:16","guid":{"rendered":"https:\/\/ventsdevre.fr\/WP\/?p=829"},"modified":"2024-03-25T09:36:16","modified_gmt":"2024-03-25T08:36:16","slug":"nos-valeurs","status":"publish","type":"post","link":"https:\/\/ventsdevre.fr\/WP\/2024\/03\/25\/nos-valeurs\/","title":{"rendered":"Nos valeurs"},"content":{"rendered":"\n<p><strong>CE A QUOI NOUS CROYONS, C\u2019EST QUOI\u00a0?<\/strong><\/p>\n\n\n\n<p><strong>Comme \u00e0 Tilli\u00e8res&nbsp;? Non Merci<\/strong><\/p>\n\n\n\n<p>Les \u00e9oliennes de Tilli\u00e8res, implant\u00e9es \u00e0 Tilli\u00e8res, qui tournent avec le vent de Tilli\u00e8res, voient les retomb\u00e9es \u00e9conomiques s\u2019envoler vers des capitaux allemands, crois\u00e9s en partie avec des fonds d\u2019investissement suisses ou luxembourgeois.<\/p>\n\n\n\n<p>C\u2019est le mod\u00e8le parfait de ce qu\u2019on ne veut pas pour le Fief-Sauvin.<\/p>\n\n\n\n<p><br><strong>Moi producteur d\u2019\u00e9nergie&nbsp;? Pourquoi pas&nbsp;!<\/strong><\/p>\n\n\n\n<p>Bon nombre d\u2019entre nous sont d\u00e9j\u00e0 producteurs d\u2019\u00e9nergie, en ayant des panneaux sur leurs toitures&nbsp;: c\u2019est un investissement accessible \u00e0 un particulier (+\/- 20 000\u20ac). Notre parc \u00e9olien, c\u2019est plus de 20 millions d\u2019\u20ac.<\/p>\n\n\n\n<p>A un tout seul, ce n\u2019est pas possible d\u2019y arriver&nbsp;; mais \u00e0 plusieurs centaines, \u00e7a devient possible. <strong>C\u2019est la force du collectif<\/strong>.<\/p>\n\n\n\n<p><strong>Acteurs de la transition \u00e9nerg\u00e9tique<\/strong><\/p>\n\n\n\n<p>R\u00e9chauffement climatique = des incendies catastrophiques au Canada cet \u00e9t\u00e9, des inondations gigantesques en Lybie il y a quelques semaines, ainsi qu\u2019une semaine de canicule en septembre chez nous, des records de temp\u00e9ratures qui sont battus chaque semaine. Qu\u2019est-ce qu\u2019on fait&nbsp;? Nous voulons \u00eatre des acteurs engag\u00e9s dans la transition \u00e9nerg\u00e9tique.<\/p>\n\n\n\n<p><strong>Vive les circuits courts, vive la proximit\u00e9<\/strong><\/p>\n\n\n\n<p>Le circuit court, c\u2019est la production d\u2019\u00e9nergie locale et la consommation de cette \u00e9nergie en local. L\u2019\u00e9lectricit\u00e9 produite par le parc \u00e9olien sera dirig\u00e9e sur le poste de la Chapelle du Gen\u00eat. Plus l\u2019\u00e9lectricit\u00e9 est consomm\u00e9e au plus proche de la source, moins il y a de d\u00e9perdition.<\/p>\n\n\n\n<p>Proximit\u00e9&nbsp;: exemple avec le parc citoyen de l\u2019Hyr\u00f4me Chemill\u00e9-en-Anjou). Un riverain a signal\u00e9 un probl\u00e8me d\u2019ombre port\u00e9e lorsque le soleil est bas, en hiver, en fin de journ\u00e9e ensoleill\u00e9e, qui cr\u00e9ait une nuisance sur sa maison d\u2019un voisin. D\u00e8s que le probl\u00e8me a \u00e9t\u00e9 signal\u00e9, les responsables locaux s\u2019en sont pr\u00e9occup\u00e9s, et une solution a \u00e9t\u00e9 trouv\u00e9e&nbsp;: l\u2019\u00e9olienne est programm\u00e9e et s\u2019arr\u00eate au cr\u00e9neau horaire o\u00f9 le probl\u00e8me existe, quand le ciel est d\u00e9gag\u00e9 et que le soleil est bas.<\/p>\n\n\n\n<p><strong>R\u00e9orienter mon \u00e9pargne vers un projet vertueux<\/strong><\/p>\n\n\n\n<p>Si j\u2019ai un peu d\u2019\u00e9pargne et que je fais un placement \u00e0 la banque, est-ce que je sais comment la banque va utiliser mon argent&nbsp;? Certaines (bien connues par chez nous) continuent \u00e0 financer des mines de charbon en Pologne (super pour les gaz \u00e0 effet de serre) ou \u00e0 investir encore pour l\u2019extension de champs p\u00e9troliers en Afrique&nbsp;: c\u2019est le contraire de ce qu\u2019il faut faire si on veut r\u00e9ussir la transition \u00e9nerg\u00e9tique.<\/p>\n\n\n\n<p>Si je place mon \u00e9pargne au service d\u2019un projet \u00e9olien, je sais au moins \u00e0 quoi \u00e7a servira.<\/p>\n\n\n\n<p><strong>Au final, \u00eatre fier de pouvoir affirmer&nbsp;:<\/strong><\/p>\n\n\n\n<p><strong>\u00ab&nbsp;il y a un petit bout de ces \u00e9oliennes qui est \u00e0 moi.&nbsp;\u00bb<\/strong><\/p>\n\n\n\n<p><strong><br>Nous sommes d\u00e9j\u00e0 plus de 350. Rejoignez-nous&nbsp;!<\/strong><\/p>\n","protected":false},"excerpt":{"rendered":"<p>CE A QUOI NOUS CROYONS, C\u2019EST QUOI\u00a0? Comme \u00e0 Tilli\u00e8res&nbsp;? Non Merci Les \u00e9oliennes de Tilli\u00e8res, implant\u00e9es \u00e0 Tilli\u00e8res, qui tournent avec le vent de &hellip; <\/p>\n","protected":false},"author":1,"featured_media":0,"comment_status":"closed","ping_status":"closed","sticky":false,"template":"","format":"standard","meta":{"cybocfi_hide_featured_image":"","footnotes":""},"categories":[20],"tags":[],"class_list":["post-829","post","type-post","status-publish","format-standard","hentry","category-nos-valeurs"],"_links":{"self":[{"href":"https:\/\/ventsdevre.fr\/WP\/wp-json\/wp\/v2\/posts\/829","targetHints":{"allow":["GET"]}}],"collection":[{"href":"https:\/\/ventsdevre.fr\/WP\/wp-json\/wp\/v2\/posts"}],"about":[{"href":"https:\/\/ventsdevre.fr\/WP\/wp-json\/wp\/v2\/types\/post"}],"author":[{"embeddable":true,"href":"https:\/\/ventsdevre.fr\/WP\/wp-json\/wp\/v2\/users\/1"}],"replies":[{"embeddable":true,"href":"https:\/\/ventsdevre.fr\/WP\/wp-json\/wp\/v2\/comments?post=829"}],"version-history":[{"count":1,"href":"https:\/\/ventsdevre.fr\/WP\/wp-json\/wp\/v2\/posts\/829\/revisions"}],"predecessor-version":[{"id":830,"href":"https:\/\/ventsdevre.fr\/WP\/wp-json\/wp\/v2\/posts\/829\/revisions\/830"}],"wp:attachment":[{"href":"https:\/\/ventsdevre.fr\/WP\/wp-json\/wp\/v2\/media?parent=829"}],"wp:term":[{"taxonomy":"category","embeddable":true,"href":"https:\/\/ventsdevre.fr\/WP\/wp-json\/wp\/v2\/categories?post=829"},{"taxonomy":"post_tag","embeddable":true,"href":"https:\/\/ventsdevre.fr\/WP\/wp-json\/wp\/v2\/tags?post=829"}],"curies":[{"name":"wp","href":"https:\/\/api.w.org\/{rel}","templated":true}]}}