{"id":816,"date":"2024-03-22T18:18:59","date_gmt":"2024-03-22T17:18:59","guid":{"rendered":"https:\/\/ventsdevre.fr\/WP\/?p=816"},"modified":"2024-03-22T18:31:56","modified_gmt":"2024-03-22T17:31:56","slug":"ou-en-sommes-nous-au-18-mars-2024","status":"publish","type":"post","link":"https:\/\/ventsdevre.fr\/WP\/2024\/03\/22\/ou-en-sommes-nous-au-18-mars-2024\/","title":{"rendered":"O\u00f9 en sommes nous au 18 mars 2024&#8230;"},"content":{"rendered":"\r\n<p><img loading=\"lazy\" decoding=\"async\" class=\"size-medium wp-image-396 alignleft\" src=\"https:\/\/ventsdevre.fr\/WP\/wp-content\/uploads\/2023\/12\/SAS_EOLIENNES-LOGO-300x281.jpg\" alt=\"\" width=\"300\" height=\"281\" srcset=\"https:\/\/ventsdevre.fr\/WP\/wp-content\/uploads\/2023\/12\/SAS_EOLIENNES-LOGO-300x281.jpg 300w, https:\/\/ventsdevre.fr\/WP\/wp-content\/uploads\/2023\/12\/SAS_EOLIENNES-LOGO-768x720.jpg 768w, https:\/\/ventsdevre.fr\/WP\/wp-content\/uploads\/2023\/12\/SAS_EOLIENNES-LOGO.jpg 903w\" sizes=\"auto, (max-width: 300px) 100vw, 300px\" \/>Notre projet de Parc \u00e9olien citoyen continue sa marche en avant. De jour en jour, les \u00e9l\u00e9ments s\u2019affinent et nous cernons de mieux en mieux ce beau projet qui prendra bient\u00f4t r\u00e9alit\u00e9.<\/p>\r\n\r\n\r\n\r\n<p>A ce jour, le choix des machines est fait et le bon de commande sur le point d\u2019\u00eatre sign\u00e9\u00a0; les banques ont \u00e9t\u00e9 retenues, m\u00eame s\u2019il reste quelques points de d\u00e9tail \u00e0 finaliser\u00a0; les trac\u00e9s pour la\u00a0livraison des \u00e9oliennes sont valid\u00e9s\u2026 On peut dire qu\u2019\u00e0 cet instant, tous les voyants sont au vert\u00a0!&#8230;<\/p>\r\n\r\n\r\n\r\n<p>La date de rachat de la soci\u00e9t\u00e9 FIEF-SAUVIN ENERGIES est maintenue au 30\/04. Nous organisons tous les dossiers pour tenir cette date.<\/p>\r\n\r\n\r\n\r\n<p>Concernant notre campagne de lev\u00e9e de fonds, nous sommes largement dans les pr\u00e9visions que nous avions envisag\u00e9es, et nous allons la cl\u00f4turer dans moins d\u2019un mois.<br \/><br \/><strong>Pour vous faire part de toutes ces avanc\u00e9es et pour vous pr\u00e9senter le planning pr\u00e9visionnel, nous avons le plaisir de vous inviter \u00e0 notre prochaine r\u00e9union publique qui aura lieu<\/strong><\/p>\r\n\r\n\r\n\r\n<p><strong>LE VENDREDI 5 AVRIL 2024 A 20H<\/strong><\/p>\r\n\r\n\r\n\r\n<p><strong>A LA MAISON COMMUNE DES LOISIRS AU FIEF-SAUVIN<\/strong><\/p>\r\n\r\n\r\n\r\n<p><strong>Cette quinzi\u00e8me r\u00e9union publique sera la derni\u00e8re et sera l\u2019ultime occasion, pour ceux qui ne l\u2019ont pas encore fait, de venir s\u2019informer puis (nous l\u2019esp\u00e9rons) de nous rejoindre. Pour ceux d\u2019entre vous qui sont d\u00e9j\u00e0 engag\u00e9s et qui souhaitent augmenter leur participation, nous apporterons les \u00e9l\u00e9ments financiers les plus pr\u00e9cis possibles, que nous affinons un peu plus chaque semaine.<\/strong><\/p>\r\n\r\n\r\n\r\n<p>Lors de cette r\u00e9union, nous redonnerons toutes les informations concernant les modalit\u00e9s pour devenir actionnaire.<\/p>\r\n\r\n\r\n\r\n<p>Pass\u00e9e cette date, nous tiendrons encore deux permanences le samedi matin\u00a0(de 10h \u00e0 12h, \u00e0 l\u2019Epinay, route du Puiset-Dor\u00e9) : le samedi 6 avril et le samedi 13 avril 2024.<\/p>\r\n\r\n\r\n\r\n<p><br \/><strong><u>La date limite de r\u00e9ception de vos dossiers de souscription a \u00e9t\u00e9 fix\u00e9e au samedi 13 avril \u00e0 12h. Les dossiers qui nous parviendront apr\u00e8s cette date ne pourront plus \u00eatre pris en compte.<\/u><\/strong><\/p>\r\n\r\n\r\n\r\n<p>Nous comptons sur vous pour continuer \u00e0 inviter les personnes autour de vous, susceptibles d\u2019\u00eatre int\u00e9ress\u00e9es, \u00e0 venir s\u2019informer.<\/p>\r\n\r\n\r\n\r\n<p>Nous esp\u00e9rons avoir le plaisir de vous accueillir pour cette r\u00e9union, et nous vous adressons nos cordiales salutations.<\/p>\r\n\r\n\r\n\r\n<p>Le Conseil d\u2019Administration de la SAS<\/p>\r\n","protected":false},"excerpt":{"rendered":"<p>Notre projet de Parc \u00e9olien citoyen continue sa marche en avant. De jour en jour, les \u00e9l\u00e9ments s\u2019affinent et nous cernons de mieux en mieux &hellip; <\/p>\n","protected":false},"author":1,"featured_media":286,"comment_status":"closed","ping_status":"closed","sticky":false,"template":"","format":"standard","meta":{"cybocfi_hide_featured_image":"yes","footnotes":""},"categories":[7,10,17],"tags":[],"class_list":["post-816","post","type-post","status-publish","format-standard","has-post-thumbnail","hentry","category-accueil-menu","category-actualites","category-sas-eoliennes-du-fief-sauvin"],"_links":{"self":[{"href":"https:\/\/ventsdevre.fr\/WP\/wp-json\/wp\/v2\/posts\/816","targetHints":{"allow":["GET"]}}],"collection":[{"href":"https:\/\/ventsdevre.fr\/WP\/wp-json\/wp\/v2\/posts"}],"about":[{"href":"https:\/\/ventsdevre.fr\/WP\/wp-json\/wp\/v2\/types\/post"}],"author":[{"embeddable":true,"href":"https:\/\/ventsdevre.fr\/WP\/wp-json\/wp\/v2\/users\/1"}],"replies":[{"embeddable":true,"href":"https:\/\/ventsdevre.fr\/WP\/wp-json\/wp\/v2\/comments?post=816"}],"version-history":[{"count":2,"href":"https:\/\/ventsdevre.fr\/WP\/wp-json\/wp\/v2\/posts\/816\/revisions"}],"predecessor-version":[{"id":818,"href":"https:\/\/ventsdevre.fr\/WP\/wp-json\/wp\/v2\/posts\/816\/revisions\/818"}],"wp:featuredmedia":[{"embeddable":true,"href":"https:\/\/ventsdevre.fr\/WP\/wp-json\/wp\/v2\/media\/286"}],"wp:attachment":[{"href":"https:\/\/ventsdevre.fr\/WP\/wp-json\/wp\/v2\/media?parent=816"}],"wp:term":[{"taxonomy":"category","embeddable":true,"href":"https:\/\/ventsdevre.fr\/WP\/wp-json\/wp\/v2\/categories?post=816"},{"taxonomy":"post_tag","embeddable":true,"href":"https:\/\/ventsdevre.fr\/WP\/wp-json\/wp\/v2\/tags?post=816"}],"curies":[{"name":"wp","href":"https:\/\/api.w.org\/{rel}","templated":true}]}}