{"id":802,"date":"2024-03-18T23:15:21","date_gmt":"2024-03-18T22:15:21","guid":{"rendered":"https:\/\/ventsdevre.fr\/WP\/?p=802"},"modified":"2024-03-18T23:31:02","modified_gmt":"2024-03-18T22:31:02","slug":"of-du-18-03-2024-qui-veut-investir-dans-ce-parc-eolien-citoyen","status":"publish","type":"post","link":"https:\/\/ventsdevre.fr\/WP\/2024\/03\/18\/of-du-18-03-2024-qui-veut-investir-dans-ce-parc-eolien-citoyen\/","title":{"rendered":"Ouest France du 18\/03\/2024 : Qui veut investir dans ce parc \u00e9olien citoyen\u00a0?"},"content":{"rendered":"\r\n<figure class=\"wp-block-image size-full\"><a href=\"https:\/\/ventsdevre.fr\/WP\/wp-content\/uploads\/2024\/03\/Journal-Ouest-France-Cholet-_-Lundi-18-mars-2024.pdf\" target=\"_blank\" rel=\"noopener\">\u00a0<img loading=\"lazy\" decoding=\"async\" class=\" wp-image-805 alignleft\" src=\"https:\/\/ventsdevre.fr\/WP\/wp-content\/uploads\/2024\/03\/2024-03-18-23_10_28-Window-300x161.png\" alt=\"\" width=\"421\" height=\"226\" srcset=\"https:\/\/ventsdevre.fr\/WP\/wp-content\/uploads\/2024\/03\/2024-03-18-23_10_28-Window-300x161.png 300w, https:\/\/ventsdevre.fr\/WP\/wp-content\/uploads\/2024\/03\/2024-03-18-23_10_28-Window-1024x550.png 1024w, https:\/\/ventsdevre.fr\/WP\/wp-content\/uploads\/2024\/03\/2024-03-18-23_10_28-Window-768x412.png 768w, https:\/\/ventsdevre.fr\/WP\/wp-content\/uploads\/2024\/03\/2024-03-18-23_10_28-Window.png 1391w\" sizes=\"auto, (max-width: 421px) 100vw, 421px\" \/>Ces habitants des Mauges d\u00e9j\u00e0 investisseurs dans le futur parc \u00e9olien<br \/>citoyen du Fief-Sauvin viennent chercher des associ\u00e9s \u00e0 Cholet, mardi.<br \/>Pour 1 000 \u20ac \u00e0 20 000 \u20ac , on devient co-actionnaire. <\/a><\/figure>\r\n<figure class=\"wp-block-image size-full\">\r\n<p><a href=\"https:\/\/ventsdevre.fr\/WP\/wp-content\/uploads\/2024\/03\/Journal-Ouest-France-Cholet-_-Lundi-18-mars-2024.pdf\" target=\"_blank\" rel=\"noopener\">Pourquoi\u00a0? Comment\u00a0?<\/a><br \/>Quel est le projet\u00a0?<br \/>Situ\u00e9 au lieu-dit la Petite-For\u00eat, le parc du Fief-Sauvin (Montrevault-sur\u00c8vre)<br \/>se composera de quatre \u00e9oliennes. Avec une puissance totale de 12 \u00e0 14,4\u00a0 MW, le site devrait produire 26\u00a0 000\u00a0 MWh par an&#8230;<\/p>\r\n<\/figure>\r\n<figure class=\"wp-block-image size-full\"><a href=\"https:\/\/ventsdevre.fr\/WP\/wp-content\/uploads\/2024\/03\/Journal-Ouest-France-Cholet-_-Lundi-18-mars-2024.pdf\" target=\"_blank\" rel=\"noopener\">Lire la suite&#8230;<\/a><\/figure>\r\n","protected":false},"excerpt":{"rendered":"","protected":false},"author":1,"featured_media":805,"comment_status":"closed","ping_status":"closed","sticky":false,"template":"","format":"standard","meta":{"cybocfi_hide_featured_image":"yes","footnotes":""},"categories":[7,10,4],"tags":[],"class_list":["post-802","post","type-post","status-publish","format-standard","has-post-thumbnail","hentry","category-accueil-menu","category-actualites","category-presse"],"_links":{"self":[{"href":"https:\/\/ventsdevre.fr\/WP\/wp-json\/wp\/v2\/posts\/802","targetHints":{"allow":["GET"]}}],"collection":[{"href":"https:\/\/ventsdevre.fr\/WP\/wp-json\/wp\/v2\/posts"}],"about":[{"href":"https:\/\/ventsdevre.fr\/WP\/wp-json\/wp\/v2\/types\/post"}],"author":[{"embeddable":true,"href":"https:\/\/ventsdevre.fr\/WP\/wp-json\/wp\/v2\/users\/1"}],"replies":[{"embeddable":true,"href":"https:\/\/ventsdevre.fr\/WP\/wp-json\/wp\/v2\/comments?post=802"}],"version-history":[{"count":7,"href":"https:\/\/ventsdevre.fr\/WP\/wp-json\/wp\/v2\/posts\/802\/revisions"}],"predecessor-version":[{"id":814,"href":"https:\/\/ventsdevre.fr\/WP\/wp-json\/wp\/v2\/posts\/802\/revisions\/814"}],"wp:featuredmedia":[{"embeddable":true,"href":"https:\/\/ventsdevre.fr\/WP\/wp-json\/wp\/v2\/media\/805"}],"wp:attachment":[{"href":"https:\/\/ventsdevre.fr\/WP\/wp-json\/wp\/v2\/media?parent=802"}],"wp:term":[{"taxonomy":"category","embeddable":true,"href":"https:\/\/ventsdevre.fr\/WP\/wp-json\/wp\/v2\/categories?post=802"},{"taxonomy":"post_tag","embeddable":true,"href":"https:\/\/ventsdevre.fr\/WP\/wp-json\/wp\/v2\/tags?post=802"}],"curies":[{"name":"wp","href":"https:\/\/api.w.org\/{rel}","templated":true}]}}