{"id":791,"date":"2024-02-23T17:58:17","date_gmt":"2024-02-23T16:58:17","guid":{"rendered":"https:\/\/ventsdevre.fr\/WP\/?p=791"},"modified":"2024-03-18T23:29:23","modified_gmt":"2024-03-18T22:29:23","slug":"791","status":"publish","type":"post","link":"https:\/\/ventsdevre.fr\/WP\/2024\/02\/23\/791\/","title":{"rendered":"R\u00e9union publique \u00e0 Lir\u00e9 20\/02\/2024"},"content":{"rendered":"\r\n<figure><span style=\"color: #666666; font-family: Arial, Helvetica, sans-serif; font-size: 12pt; font-style: normal; font-variant-ligatures: normal; font-variant-caps: normal; font-weight: 400; letter-spacing: normal; orphans: 2; text-align: start; text-indent: 0px; text-transform: none; widows: 2; word-spacing: 0px; -webkit-text-stroke-width: 0px; white-space: normal; background-color: #ffffff; text-decoration-thickness: initial; text-decoration-style: initial; text-decoration-color: initial; float: none; display: inline !important;\">\u00a0<\/span><\/figure>\r\n<p><a style=\"color: midnightblue; outline: 0px;\" href=\"https:\/\/www.ouest-france.fr\/pays-de-la-loire\/oree-danjou-49270\/le-collectif-vent-devre-souvre-a-oree-danjou-28b2e854-d194-11ee-9f82-af005fb2f6fc\" target=\"_blank\" rel=\"noreferrer noopener\"><img loading=\"lazy\" decoding=\"async\" width=\"767\" height=\"929\" class=\"wp-image-793 alignleft\" style=\"width: 472px; height: auto;\" src=\"https:\/\/ventsdevre.fr\/WP\/wp-content\/uploads\/2024\/02\/image.png\" alt=\"\" srcset=\"https:\/\/ventsdevre.fr\/WP\/wp-content\/uploads\/2024\/02\/image.png 767w, https:\/\/ventsdevre.fr\/WP\/wp-content\/uploads\/2024\/02\/image-248x300.png 248w\" sizes=\"auto, (max-width: 767px) 100vw, 767px\" \/><\/a><\/p>\r\n<figure><span style=\"color: #666666; font-family: Arial, Helvetica, sans-serif; font-size: 12pt; font-style: normal; font-variant-ligatures: normal; font-variant-caps: normal; font-weight: 400; letter-spacing: normal; orphans: 2; text-align: start; text-indent: 0px; text-transform: none; widows: 2; word-spacing: 0px; -webkit-text-stroke-width: 0px; white-space: normal; background-color: #ffffff; text-decoration-thickness: initial; text-decoration-style: initial; text-decoration-color: initial; float: none; display: inline !important;\">L\u2019association Vent d\u2019Evre du Fief-Sauvin a organis\u00e9 une r\u00e9union publique, mardi 20\u00a0f\u00e9vrier 2024, au soir, \u00e0 la salle des Tilleuls de Lir\u00e9. Objectif\u00a0: \u00e9changer sur le projet d\u2019installation de quatre \u00e9oliennes sur le site de la For\u00eat, au Fief-Sauvin (Maine-et-Loire). <\/span><\/figure>\r\n<figure class=\"wp-block-image size-full is-resized\"><a href=\"https:\/\/www.ouest-france.fr\/pays-de-la-loire\/oree-danjou-49270\/le-collectif-vent-devre-souvre-a-oree-danjou-28b2e854-d194-11ee-9f82-af005fb2f6fc\" target=\"_blank\" rel=\"noreferrer noopener\">\u00a0<\/a><\/figure>\r\n<p><a href=\"https:\/\/angers.maville.com\/actu\/actudet_-oree-d-anjou.-pourquoi-et-comment-devenir-acteur-d-un-parc-eolien-citoyen-_dep-6181554_actu.Htm\" target=\"_blank\" rel=\"noopener\"><img loading=\"lazy\" decoding=\"async\" class=\"wp-image-800 alignnone \" src=\"https:\/\/ventsdevre.fr\/WP\/wp-content\/uploads\/2024\/02\/image-2.png\" alt=\"\" width=\"475\" height=\"727\" srcset=\"https:\/\/ventsdevre.fr\/WP\/wp-content\/uploads\/2024\/02\/image-2.png 516w, https:\/\/ventsdevre.fr\/WP\/wp-content\/uploads\/2024\/02\/image-2-196x300.png 196w\" sizes=\"auto, (max-width: 475px) 100vw, 475px\" \/><\/a><\/p>\r\n","protected":false},"excerpt":{"rendered":"","protected":false},"author":1,"featured_media":795,"comment_status":"closed","ping_status":"closed","sticky":false,"template":"","format":"standard","meta":{"cybocfi_hide_featured_image":"yes","footnotes":""},"categories":[10,4],"tags":[],"class_list":["post-791","post","type-post","status-publish","format-standard","has-post-thumbnail","hentry","category-actualites","category-presse"],"_links":{"self":[{"href":"https:\/\/ventsdevre.fr\/WP\/wp-json\/wp\/v2\/posts\/791","targetHints":{"allow":["GET"]}}],"collection":[{"href":"https:\/\/ventsdevre.fr\/WP\/wp-json\/wp\/v2\/posts"}],"about":[{"href":"https:\/\/ventsdevre.fr\/WP\/wp-json\/wp\/v2\/types\/post"}],"author":[{"embeddable":true,"href":"https:\/\/ventsdevre.fr\/WP\/wp-json\/wp\/v2\/users\/1"}],"replies":[{"embeddable":true,"href":"https:\/\/ventsdevre.fr\/WP\/wp-json\/wp\/v2\/comments?post=791"}],"version-history":[{"count":4,"href":"https:\/\/ventsdevre.fr\/WP\/wp-json\/wp\/v2\/posts\/791\/revisions"}],"predecessor-version":[{"id":813,"href":"https:\/\/ventsdevre.fr\/WP\/wp-json\/wp\/v2\/posts\/791\/revisions\/813"}],"wp:featuredmedia":[{"embeddable":true,"href":"https:\/\/ventsdevre.fr\/WP\/wp-json\/wp\/v2\/media\/795"}],"wp:attachment":[{"href":"https:\/\/ventsdevre.fr\/WP\/wp-json\/wp\/v2\/media?parent=791"}],"wp:term":[{"taxonomy":"category","embeddable":true,"href":"https:\/\/ventsdevre.fr\/WP\/wp-json\/wp\/v2\/categories?post=791"},{"taxonomy":"post_tag","embeddable":true,"href":"https:\/\/ventsdevre.fr\/WP\/wp-json\/wp\/v2\/tags?post=791"}],"curies":[{"name":"wp","href":"https:\/\/api.w.org\/{rel}","templated":true}]}}