{"id":772,"date":"2024-02-21T15:55:36","date_gmt":"2024-02-21T14:55:36","guid":{"rendered":"https:\/\/ventsdevre.fr\/WP\/?p=772"},"modified":"2024-02-21T15:57:45","modified_gmt":"2024-02-21T14:57:45","slug":"reunion-publique-a-lire","status":"publish","type":"post","link":"https:\/\/ventsdevre.fr\/WP\/2024\/02\/21\/reunion-publique-a-lire\/","title":{"rendered":"R\u00e9union publique \u00e0 Lir\u00e9"},"content":{"rendered":"\r\n<p><span style=\"font-size: 24pt;\"><strong><img loading=\"lazy\" decoding=\"async\" class=\"size-medium wp-image-775 alignleft\" src=\"https:\/\/ventsdevre.fr\/WP\/wp-content\/uploads\/2024\/02\/lire1-Petite-300x225.jpg\" alt=\"\" width=\"300\" height=\"225\" srcset=\"https:\/\/ventsdevre.fr\/WP\/wp-content\/uploads\/2024\/02\/lire1-Petite-300x225.jpg 300w, https:\/\/ventsdevre.fr\/WP\/wp-content\/uploads\/2024\/02\/lire1-Petite.jpg 640w\" sizes=\"auto, (max-width: 300px) 100vw, 300px\" \/>P<\/strong><\/span>r\u00e8s de quarante personnes ont assist\u00e9 \u00e0 cette r\u00e9union publique, dont une majorit\u00e9 d&rsquo;Or\u00e9ens mais aussi d&rsquo;autres venus de Montrevault-sur-Evre ou de Beaupr\u00e9au. C&rsquo;\u00e9tait la quatorzi\u00e8me du genre, donc pour les administrateurs de Vents d&rsquo;Evre, la pr\u00e9sentation est d\u00e9sormais bien rod\u00e9e. C&rsquo;est Rapha\u00ebl Tra\u00eeneau, animateur \u00e0 Atout Vent Conseil, qui a pr\u00e9sent\u00e9 le business plan et les informations beaucoup plus techniques. A noter aussi que Philippe Grimaud et Daniel Laurendeau, du Parc des Grands Fr\u00eanes, ont t\u00e9moign\u00e9 de leur exp\u00e9rience en tant qu&rsquo;administrateurs d&rsquo;un parc \u00e9olien citoyen en service depuis 3 ans \u00e0 la Poitevini\u00e8re. Les \u00e9changes avec la salle ont \u00e9t\u00e9 nombreux, l&rsquo;int\u00e9r\u00eat des personnes pr\u00e9sentes \u00e9tant manifeste.<\/p>\r\n","protected":false},"excerpt":{"rendered":"<p>Pr\u00e8s de quarante personnes ont assist\u00e9 \u00e0 cette r\u00e9union publique, dont une majorit\u00e9 d&rsquo;Or\u00e9ens mais aussi d&rsquo;autres venus de Montrevault-sur-Evre ou de Beaupr\u00e9au. C&rsquo;\u00e9tait la &hellip; <\/p>\n","protected":false},"author":1,"featured_media":775,"comment_status":"closed","ping_status":"closed","sticky":false,"template":"","format":"standard","meta":{"cybocfi_hide_featured_image":"yes","footnotes":""},"categories":[7,10],"tags":[],"class_list":["post-772","post","type-post","status-publish","format-standard","has-post-thumbnail","hentry","category-accueil-menu","category-actualites"],"_links":{"self":[{"href":"https:\/\/ventsdevre.fr\/WP\/wp-json\/wp\/v2\/posts\/772","targetHints":{"allow":["GET"]}}],"collection":[{"href":"https:\/\/ventsdevre.fr\/WP\/wp-json\/wp\/v2\/posts"}],"about":[{"href":"https:\/\/ventsdevre.fr\/WP\/wp-json\/wp\/v2\/types\/post"}],"author":[{"embeddable":true,"href":"https:\/\/ventsdevre.fr\/WP\/wp-json\/wp\/v2\/users\/1"}],"replies":[{"embeddable":true,"href":"https:\/\/ventsdevre.fr\/WP\/wp-json\/wp\/v2\/comments?post=772"}],"version-history":[{"count":3,"href":"https:\/\/ventsdevre.fr\/WP\/wp-json\/wp\/v2\/posts\/772\/revisions"}],"predecessor-version":[{"id":776,"href":"https:\/\/ventsdevre.fr\/WP\/wp-json\/wp\/v2\/posts\/772\/revisions\/776"}],"wp:featuredmedia":[{"embeddable":true,"href":"https:\/\/ventsdevre.fr\/WP\/wp-json\/wp\/v2\/media\/775"}],"wp:attachment":[{"href":"https:\/\/ventsdevre.fr\/WP\/wp-json\/wp\/v2\/media?parent=772"}],"wp:term":[{"taxonomy":"category","embeddable":true,"href":"https:\/\/ventsdevre.fr\/WP\/wp-json\/wp\/v2\/categories?post=772"},{"taxonomy":"post_tag","embeddable":true,"href":"https:\/\/ventsdevre.fr\/WP\/wp-json\/wp\/v2\/tags?post=772"}],"curies":[{"name":"wp","href":"https:\/\/api.w.org\/{rel}","templated":true}]}}