{"id":694,"date":"2024-01-03T15:55:09","date_gmt":"2024-01-03T14:55:09","guid":{"rendered":"https:\/\/ventsdevre.fr\/WP\/?p=694"},"modified":"2024-01-03T15:56:56","modified_gmt":"2024-01-03T14:56:56","slug":"permanences","status":"publish","type":"post","link":"https:\/\/ventsdevre.fr\/WP\/2024\/01\/03\/permanences\/","title":{"rendered":"Permanences"},"content":{"rendered":"\r\n<p>En ce d\u00e9but de janvier, commen\u00e7ons par vous souhaiter une Bonne Ann\u00e9e 2024, avec tous nos v\u0153ux de bonheur et de r\u00e9ussite.<br \/>Bien s\u00fbr, nous souhaitons aussi \u00ab\u00a0bon vent\u00a0\u00bb \u00e0 notre aventure collective.<br \/>Voici quelques nouvelles et\/ou rappels.\u00a0<\/p>\r\n\r\n\r\n\r\n<p>Comme nous l&rsquo;avions fait savoir lors de notre derni\u00e8re r\u00e9union de Beaupr\u00e9au en d\u00e9cembre dernier, nous allons reprendre les r\u00e9unions publiques d&rsquo;information et poursuivre notre campagne de lev\u00e9e de fonds. Le calendrier n&rsquo;est pas encore finalis\u00e9 mais nous esp\u00e9rons \u00eatre en mesure de vous le transmettre assez rapidement.<\/p>\r\n\r\n\r\n\r\n<p>Pour le moment, nous avons pr\u00e9vu des dates de permanences, qui ont \u00e9t\u00e9 fix\u00e9es sur les cinq premiers samedis de 2024, et donc \u00e0 partir de samedi prochain, \u00e0 l&rsquo;Epinay au Fief-Sauvin (1) :<\/p>\r\n\r\n\r\n\r\n<p>&#8211; Samedi 6 janvier de 10 \u00e0 12h<br \/>&#8211; Samedi 13 janvier de 10 \u00e0 12h<br \/>&#8211; Samedi 20 janvier de 10 \u00e0 12h<br \/>&#8211; Samedi 27 janvier de 10 \u00e0 12h<br \/>&#8211; Samedi 3 f\u00e9vrier de 10 \u00e0 12h<br \/>L&rsquo;objectif de ces permanences est double :<br \/>&#8211; elles sont destin\u00e9es aux personnes qui ne connaissent pas le projet et qui souhaitent le d\u00e9couvrir, et\/ou \u00e0 ceux d&rsquo;entre vous qui veulent des compl\u00e9ments d&rsquo;information. N&rsquo;h\u00e9sitez donc pas venir nous rencontrer et \u00e0 diffuser l&rsquo;information autour de vous.<br \/>&#8211; elles sont destin\u00e9es \u00e0 ceux d&rsquo;entre vous qui souhaitent nous remettre leur dossier d&rsquo;actionnaire en version papier, dossier que nous pourrons v\u00e9rifier ensemble.<br \/>Bref, nous serons \u00e0 votre disposition pendant ces cinq permanences du samedi matin<\/p>\r\n\r\n\r\n\r\n<p>A bient\u00f4t le plaisir de vous y accueillir, ou d&rsquo;\u00e9changer avec vous \u00e0 la prochaine occasion.<br \/>Bien cordialement,<\/p>\r\n\r\n\r\n\r\n<p>Le Bureau de Vents d&rsquo;Evre<\/p>\r\n\r\n\r\n\r\n<p>(1) Pour arriver sans encombre \u00e0 l\u2019Epinay\u00a0:<\/p>\r\n\r\n\r\n\r\n<p>&#8211;\u00a0\u00a0\u00a0\u00a0\u00a0 En venant de Beaupr\u00e9au (D80)\u00a0: traverser le bourg du Fief-Sauvin en direction de Villeneuve, puis traverser le hameau de Villeneuve. Poursuivre sur la D80. Un kilom\u00e8tre plus loin, au carrefour avec la route Gest\u00e9-Montrevault, filer tout droit vers le Puiset-Dor\u00e9 sur 300m, puis prendre le premier chemin \u00e0 gauche.<\/p>\r\n\r\n\r\n\r\n<p>&#8211;\u00a0\u00a0\u00a0\u00a0\u00a0 En venant de Gest\u00e9 (D223)\u00a0: au carrefour des Ajoux, tourner \u00e0 gauche en direction du Puiset-Dor\u00e9, filer sur 300m puis prendre le premier chemin \u00e0 gauche.<\/p>\r\n\r\n\r\n\r\n<p>&#8211;\u00a0\u00a0\u00a0\u00a0\u00a0 En venant de Montrevault (D223)\u00a0: au carrefour des Ajoux, tourner \u00e0 droite en direction du Puiset-Dor\u00e9, filer sur 300m puis prendre le premier chemin \u00e0 gauche.<\/p>\r\n\r\n\r\n\r\n<p>&#8211;\u00a0\u00a0\u00a0\u00a0\u00a0 En venant du Puiset-Dor\u00e9 (D80)\u00a0: apr\u00e8s avoir laiss\u00e9 le Bois de Leppo sur votre gauche, continuer encore sur 400m puis prendre le chemin \u00e0 droite.<\/p>\r\n\r\n\r\n\r\n<figure class=\"wp-block-image size-large\"><img loading=\"lazy\" decoding=\"async\" width=\"1024\" height=\"600\" class=\"wp-image-695\" src=\"https:\/\/ventsdevre.fr\/WP\/wp-content\/uploads\/2024\/01\/image-1024x600.png\" alt=\"\" srcset=\"https:\/\/ventsdevre.fr\/WP\/wp-content\/uploads\/2024\/01\/image-1024x600.png 1024w, https:\/\/ventsdevre.fr\/WP\/wp-content\/uploads\/2024\/01\/image-300x176.png 300w, https:\/\/ventsdevre.fr\/WP\/wp-content\/uploads\/2024\/01\/image-768x450.png 768w, https:\/\/ventsdevre.fr\/WP\/wp-content\/uploads\/2024\/01\/image.png 1499w\" sizes=\"auto, (max-width: 1024px) 100vw, 1024px\" \/><\/figure>\r\n","protected":false},"excerpt":{"rendered":"<p>En ce d\u00e9but de janvier, commen\u00e7ons par vous souhaiter une Bonne Ann\u00e9e 2024, avec tous nos v\u0153ux de bonheur et de r\u00e9ussite.Bien s\u00fbr, nous souhaitons &hellip; <\/p>\n","protected":false},"author":1,"featured_media":695,"comment_status":"closed","ping_status":"closed","sticky":false,"template":"","format":"standard","meta":{"cybocfi_hide_featured_image":"yes","footnotes":""},"categories":[10],"tags":[],"class_list":["post-694","post","type-post","status-publish","format-standard","has-post-thumbnail","hentry","category-actualites"],"_links":{"self":[{"href":"https:\/\/ventsdevre.fr\/WP\/wp-json\/wp\/v2\/posts\/694","targetHints":{"allow":["GET"]}}],"collection":[{"href":"https:\/\/ventsdevre.fr\/WP\/wp-json\/wp\/v2\/posts"}],"about":[{"href":"https:\/\/ventsdevre.fr\/WP\/wp-json\/wp\/v2\/types\/post"}],"author":[{"embeddable":true,"href":"https:\/\/ventsdevre.fr\/WP\/wp-json\/wp\/v2\/users\/1"}],"replies":[{"embeddable":true,"href":"https:\/\/ventsdevre.fr\/WP\/wp-json\/wp\/v2\/comments?post=694"}],"version-history":[{"count":2,"href":"https:\/\/ventsdevre.fr\/WP\/wp-json\/wp\/v2\/posts\/694\/revisions"}],"predecessor-version":[{"id":697,"href":"https:\/\/ventsdevre.fr\/WP\/wp-json\/wp\/v2\/posts\/694\/revisions\/697"}],"wp:featuredmedia":[{"embeddable":true,"href":"https:\/\/ventsdevre.fr\/WP\/wp-json\/wp\/v2\/media\/695"}],"wp:attachment":[{"href":"https:\/\/ventsdevre.fr\/WP\/wp-json\/wp\/v2\/media?parent=694"}],"wp:term":[{"taxonomy":"category","embeddable":true,"href":"https:\/\/ventsdevre.fr\/WP\/wp-json\/wp\/v2\/categories?post=694"},{"taxonomy":"post_tag","embeddable":true,"href":"https:\/\/ventsdevre.fr\/WP\/wp-json\/wp\/v2\/tags?post=694"}],"curies":[{"name":"wp","href":"https:\/\/api.w.org\/{rel}","templated":true}]}}