{"id":588,"date":"2023-12-22T17:19:31","date_gmt":"2023-12-22T16:19:31","guid":{"rendered":"https:\/\/ventsdevre.fr\/WP\/?p=588"},"modified":"2023-12-22T17:19:31","modified_gmt":"2023-12-22T16:19:31","slug":"6-decembre-2023-rendez-vous-sur-le-terrain","status":"publish","type":"post","link":"https:\/\/ventsdevre.fr\/WP\/2023\/12\/22\/6-decembre-2023-rendez-vous-sur-le-terrain\/","title":{"rendered":"6 d\u00e9cembre 2023\u00a0: rendez-vous sur le terrain"},"content":{"rendered":"\n<p>Premi\u00e8re sortie sur le terrain pour la commission ad\u00e9quate, r\u00e9cemment constitu\u00e9e, afin d\u2019\u00e9tudier le parcours par o\u00f9 arriveront les \u00e9oliennes.<br>Les convois arriveront de Nantes par la N249 (la 2X2 voies Nantes-Cholet), et sortiront \u00e0 l\u2019\u00e9changeur du Petit Lapin. <br>La travers\u00e9e de Villedieu se fera, non par le centre, mais par la rue St Joseph (la rue des \u00e9coles, de St Joseph du Ch\u00eane). <br>Les camions emprunteront la route qui passe par Le Petit Verger, puis plein nord vers le Fief-Sauvin. <br>A l\u2019approche du site, deux options sont \u00e0 l\u2019\u00e9tude\u00a0; soit via Ste Catherine-St Vincent, soit via le bourg de Villeneuve.<br>Rien n\u2019est impossible, m\u00eame sur des petites routes\u2026 mais \u00e7a ne s\u2019improvise pas\u00a0; ici, une statue qu\u2019il faudra sans doute d\u00e9placer, l\u00e0 les panneaux de signalisation routi\u00e8re qu\u2019il faudra d\u00e9poser. Il faut savoir que la longueur d\u2019un camion mesure 74 m\u00e8tres\u2026<\/p>\n\n\n\n<figure class=\"wp-block-gallery has-nested-images columns-default is-cropped wp-block-gallery-1 is-layout-flex wp-block-gallery-is-layout-flex\">\n<figure class=\"wp-block-image size-large\"><img loading=\"lazy\" decoding=\"async\" width=\"768\" height=\"1024\" data-id=\"589\" src=\"https:\/\/ventsdevre.fr\/WP\/wp-content\/uploads\/2023\/12\/IMG-20231222-WA0004-768x1024.jpg\" alt=\"\" class=\"wp-image-589\" srcset=\"https:\/\/ventsdevre.fr\/WP\/wp-content\/uploads\/2023\/12\/IMG-20231222-WA0004-768x1024.jpg 768w, https:\/\/ventsdevre.fr\/WP\/wp-content\/uploads\/2023\/12\/IMG-20231222-WA0004-225x300.jpg 225w, https:\/\/ventsdevre.fr\/WP\/wp-content\/uploads\/2023\/12\/IMG-20231222-WA0004-1152x1536.jpg 1152w, https:\/\/ventsdevre.fr\/WP\/wp-content\/uploads\/2023\/12\/IMG-20231222-WA0004.jpg 1200w\" sizes=\"auto, (max-width: 768px) 100vw, 768px\" \/><\/figure>\n\n\n\n<figure class=\"wp-block-image size-large\"><img loading=\"lazy\" decoding=\"async\" width=\"1024\" height=\"768\" data-id=\"590\" src=\"https:\/\/ventsdevre.fr\/WP\/wp-content\/uploads\/2023\/12\/IMG-20231222-WA0001-1024x768.jpg\" alt=\"\" class=\"wp-image-590\" srcset=\"https:\/\/ventsdevre.fr\/WP\/wp-content\/uploads\/2023\/12\/IMG-20231222-WA0001-1024x768.jpg 1024w, https:\/\/ventsdevre.fr\/WP\/wp-content\/uploads\/2023\/12\/IMG-20231222-WA0001-300x225.jpg 300w, https:\/\/ventsdevre.fr\/WP\/wp-content\/uploads\/2023\/12\/IMG-20231222-WA0001-768x576.jpg 768w, https:\/\/ventsdevre.fr\/WP\/wp-content\/uploads\/2023\/12\/IMG-20231222-WA0001-1536x1152.jpg 1536w, https:\/\/ventsdevre.fr\/WP\/wp-content\/uploads\/2023\/12\/IMG-20231222-WA0001.jpg 1600w\" sizes=\"auto, (max-width: 1024px) 100vw, 1024px\" \/><\/figure>\n<\/figure>\n","protected":false},"excerpt":{"rendered":"<p>Premi\u00e8re sortie sur le terrain pour la commission ad\u00e9quate, r\u00e9cemment constitu\u00e9e, afin d\u2019\u00e9tudier le parcours par o\u00f9 arriveront les \u00e9oliennes.Les convois arriveront de Nantes par &hellip; <\/p>\n","protected":false},"author":1,"featured_media":589,"comment_status":"closed","ping_status":"closed","sticky":false,"template":"","format":"standard","meta":{"cybocfi_hide_featured_image":"","footnotes":""},"categories":[10],"tags":[],"class_list":["post-588","post","type-post","status-publish","format-standard","has-post-thumbnail","hentry","category-actualites"],"_links":{"self":[{"href":"https:\/\/ventsdevre.fr\/WP\/wp-json\/wp\/v2\/posts\/588","targetHints":{"allow":["GET"]}}],"collection":[{"href":"https:\/\/ventsdevre.fr\/WP\/wp-json\/wp\/v2\/posts"}],"about":[{"href":"https:\/\/ventsdevre.fr\/WP\/wp-json\/wp\/v2\/types\/post"}],"author":[{"embeddable":true,"href":"https:\/\/ventsdevre.fr\/WP\/wp-json\/wp\/v2\/users\/1"}],"replies":[{"embeddable":true,"href":"https:\/\/ventsdevre.fr\/WP\/wp-json\/wp\/v2\/comments?post=588"}],"version-history":[{"count":1,"href":"https:\/\/ventsdevre.fr\/WP\/wp-json\/wp\/v2\/posts\/588\/revisions"}],"predecessor-version":[{"id":591,"href":"https:\/\/ventsdevre.fr\/WP\/wp-json\/wp\/v2\/posts\/588\/revisions\/591"}],"wp:featuredmedia":[{"embeddable":true,"href":"https:\/\/ventsdevre.fr\/WP\/wp-json\/wp\/v2\/media\/589"}],"wp:attachment":[{"href":"https:\/\/ventsdevre.fr\/WP\/wp-json\/wp\/v2\/media?parent=588"}],"wp:term":[{"taxonomy":"category","embeddable":true,"href":"https:\/\/ventsdevre.fr\/WP\/wp-json\/wp\/v2\/categories?post=588"},{"taxonomy":"post_tag","embeddable":true,"href":"https:\/\/ventsdevre.fr\/WP\/wp-json\/wp\/v2\/tags?post=588"}],"curies":[{"name":"wp","href":"https:\/\/api.w.org\/{rel}","templated":true}]}}