{"id":580,"date":"2023-12-22T16:26:47","date_gmt":"2023-12-22T15:26:47","guid":{"rendered":"https:\/\/ventsdevre.fr\/WP\/?p=580"},"modified":"2023-12-24T11:32:09","modified_gmt":"2023-12-24T10:32:09","slug":"13-decembre-2023-signature-de-la-lettre-dengagement-avec-valorem","status":"publish","type":"post","link":"https:\/\/ventsdevre.fr\/WP\/2023\/12\/22\/13-decembre-2023-signature-de-la-lettre-dengagement-avec-valorem\/","title":{"rendered":"13\/12\/2023\u00a0: signature de la lettre d\u2019engagement avec Valorem"},"content":{"rendered":"<p>Instant solennel ce mercredi 13 d\u00e9cembre vers 18h \u00e0 l\u2019Epinay, au Fief-Sauvin\u00a0: le moment est venu de signer la lettre engageante et le contrat de d\u00e9veloppement avec Valorem. Ainsi, la SAS citoyenne \u00ab\u00a0<em>Eoliennes du Fief-Sauvin<\/em>\u00a0\u00bb s\u2019engage \u00e0 racheter \u00e0 Valorem la SAS \u00ab\u00a0<em>Fief-Sauvin Energies<\/em>\u00a0\u00bb d\u00e9tentrice du permis de construire du Parc.<\/p>\n<p><img loading=\"lazy\" decoding=\"async\" class=\"alignnone wp-image-572\" src=\"https:\/\/ventsdevre.fr\/WP\/wp-content\/uploads\/2023\/12\/12-12-23Sign-Valorelm2-300x218.jpg\" alt=\"\" width=\"386\" height=\"280\" \/> <img loading=\"lazy\" decoding=\"async\" class=\"alignnone size-medium wp-image-571\" src=\"https:\/\/ventsdevre.fr\/WP\/wp-content\/uploads\/2023\/12\/12-12-23Sign-Valorelm1-1-300x281.jpg\" alt=\"\" width=\"300\" height=\"281\" \/><\/p>\n<p><em>Damien Reveau (Pr\u00e9sident de la SAS citoyenne \u00ab\u00a0Eoliennes du Fief-Sauvin\u00a0\u00bb) et Thierry Haas (Valorem) \u00e0 l\u2019heure des signatures<\/em><\/p>\n<p>Fran\u00e7ois Girard, d\u2019Atout Vent Conseil, qui a men\u00e9 pour nous les n\u00e9gociations avec Valorem, se f\u00e9licite de ce r\u00e9sultat. M\u00eame avis chez Thierry Haas, directeur de l\u2019Agence Valorem \u00e0 Nantes. Chacun reconna\u00eet que les n\u00e9gociations ont parfois \u00e9t\u00e9 \u00e2pres, chaque partie d\u00e9fendant ses int\u00e9r\u00eats, mais qu\u2019elles se sont toujours tenues dans un climat de respect mutuel et avec, au final, la volont\u00e9 que chacun en sorte gagnant.<\/p>\n<p>Ainsi, ce projet de Parc Eolien 100% Citoyen, qui nous tient tant \u00e0 c\u0153ur, vient de conna\u00eetre une nouvelle avanc\u00e9e d\u00e9cisive.<\/p>\n","protected":false},"excerpt":{"rendered":"<p>Instant solennel ce mercredi 13 d\u00e9cembre vers 18h \u00e0 l\u2019Epinay, au Fief-Sauvin\u00a0: le moment est venu de signer la lettre engageante et le contrat de &hellip; <\/p>\n","protected":false},"author":1,"featured_media":572,"comment_status":"closed","ping_status":"closed","sticky":false,"template":"","format":"standard","meta":{"cybocfi_hide_featured_image":"yes","footnotes":""},"categories":[10,4],"tags":[],"class_list":["post-580","post","type-post","status-publish","format-standard","has-post-thumbnail","hentry","category-actualites","category-presse"],"_links":{"self":[{"href":"https:\/\/ventsdevre.fr\/WP\/wp-json\/wp\/v2\/posts\/580","targetHints":{"allow":["GET"]}}],"collection":[{"href":"https:\/\/ventsdevre.fr\/WP\/wp-json\/wp\/v2\/posts"}],"about":[{"href":"https:\/\/ventsdevre.fr\/WP\/wp-json\/wp\/v2\/types\/post"}],"author":[{"embeddable":true,"href":"https:\/\/ventsdevre.fr\/WP\/wp-json\/wp\/v2\/users\/1"}],"replies":[{"embeddable":true,"href":"https:\/\/ventsdevre.fr\/WP\/wp-json\/wp\/v2\/comments?post=580"}],"version-history":[{"count":5,"href":"https:\/\/ventsdevre.fr\/WP\/wp-json\/wp\/v2\/posts\/580\/revisions"}],"predecessor-version":[{"id":639,"href":"https:\/\/ventsdevre.fr\/WP\/wp-json\/wp\/v2\/posts\/580\/revisions\/639"}],"wp:featuredmedia":[{"embeddable":true,"href":"https:\/\/ventsdevre.fr\/WP\/wp-json\/wp\/v2\/media\/572"}],"wp:attachment":[{"href":"https:\/\/ventsdevre.fr\/WP\/wp-json\/wp\/v2\/media?parent=580"}],"wp:term":[{"taxonomy":"category","embeddable":true,"href":"https:\/\/ventsdevre.fr\/WP\/wp-json\/wp\/v2\/categories?post=580"},{"taxonomy":"post_tag","embeddable":true,"href":"https:\/\/ventsdevre.fr\/WP\/wp-json\/wp\/v2\/tags?post=580"}],"curies":[{"name":"wp","href":"https:\/\/api.w.org\/{rel}","templated":true}]}}