{"id":58,"date":"2023-11-11T16:00:04","date_gmt":"2023-11-11T15:00:04","guid":{"rendered":"https:\/\/ventsdevre.fr\/WP\/?p=58"},"modified":"2023-12-24T11:30:15","modified_gmt":"2023-12-24T10:30:15","slug":"notre-histoire","status":"publish","type":"post","link":"https:\/\/ventsdevre.fr\/WP\/2023\/11\/11\/notre-histoire\/","title":{"rendered":"Notre histoire"},"content":{"rendered":"<table style=\"border-collapse: collapse; width: 100%;\">\n<tbody>\n<tr>\n<td style=\"width: 33.0846%; border-style: hidden;\"><img loading=\"lazy\" decoding=\"async\" class=\"wp-image-135 aligncenter\" src=\"https:\/\/ventsdevre.fr\/WP\/wp-content\/uploads\/2023\/11\/Dans-les-Mauges-Vents-dEvre-veut-federer-linvestissement-citoyen-dans-leolie-300x187.png\" alt=\"\" width=\"347\" height=\"216\" srcset=\"https:\/\/ventsdevre.fr\/WP\/wp-content\/uploads\/2023\/11\/Dans-les-Mauges-Vents-dEvre-veut-federer-linvestissement-citoyen-dans-leolie-300x187.png 300w, https:\/\/ventsdevre.fr\/WP\/wp-content\/uploads\/2023\/11\/Dans-les-Mauges-Vents-dEvre-veut-federer-linvestissement-citoyen-dans-leolie.png 607w\" sizes=\"auto, (max-width: 347px) 100vw, 347px\" \/><\/td>\n<td style=\"width: 66.9154%; border-style: hidden;\">\u00a0 <span style=\"font-size: 24pt;\">\u00a0L<\/span>es premi\u00e8res rencontres informelles de citoyens relatives \u00e0 l\u2019implantation d\u2019un parc \u00e9olien au Fief-Sauvin se sont d\u00e9roul\u00e9es au printemps 2021.<br \/>\nDes t\u00e9moignages de responsables d\u2019autres parcs \u00e9oliens citoyens voisins ont \u00e9t\u00e9 recueillis et assez vite, un premier consensus s\u2019est d\u00e9gag\u00e9 pour revendiquer une place importante de la future association dans le parc \u00e9olien citoyen projet\u00e9.<br \/>\nLes premi\u00e8res rencontres avec la SEM Mauges \u00c9nergies et l\u2019industriel Valorem se sont d\u00e9roul\u00e9es en mai 2021.<br \/>\nL\u2019association \u201cVents d\u2019\u00c8vre\u201d a \u00e9t\u00e9 cr\u00e9\u00e9e dans la foul\u00e9e. Tr\u00e8s vite, elle a retenu Atout Vent Conseil pour l\u2019accompagner dans ses d\u00e9marches.<\/td>\n<\/tr>\n<tr>\n<td style=\"width: 33.0846%; border-style: hidden;\"><img loading=\"lazy\" decoding=\"async\" class=\"size-full wp-image-256 aligncenter\" src=\"https:\/\/ventsdevre.fr\/WP\/wp-content\/uploads\/2023\/11\/logo1.png\" alt=\"\" width=\"272\" height=\"172\" \/><\/td>\n<td style=\"width: 66.9154%; border-style: hidden;\"><strong><span style=\"font-size: 24pt;\">\u00a0 U<\/span><\/strong>ne enqu\u00eate publique, avec avis favorable, et trois r\u00e9unions ouvertes \u00e0 tous ont permis d\u2019informer la population.<\/td>\n<\/tr>\n<tr>\n<td style=\"width: 33.0846%; border-style: hidden;\"><img loading=\"lazy\" decoding=\"async\" class=\"wp-image-585 aligncenter\" src=\"https:\/\/ventsdevre.fr\/WP\/wp-content\/uploads\/2023\/11\/Histoire-creation-asso-300x139.jpg\" alt=\"\" width=\"350\" height=\"162\" srcset=\"https:\/\/ventsdevre.fr\/WP\/wp-content\/uploads\/2023\/11\/Histoire-creation-asso-300x139.jpg 300w, https:\/\/ventsdevre.fr\/WP\/wp-content\/uploads\/2023\/11\/Histoire-creation-asso-1024x474.jpg 1024w, https:\/\/ventsdevre.fr\/WP\/wp-content\/uploads\/2023\/11\/Histoire-creation-asso-768x355.jpg 768w, https:\/\/ventsdevre.fr\/WP\/wp-content\/uploads\/2023\/11\/Histoire-creation-asso.jpg 1105w\" sizes=\"auto, (max-width: 350px) 100vw, 350px\" \/><\/td>\n<td style=\"width: 66.9154%; border-style: hidden;\">\n<p class=\"MsoNoSpacing\" style=\"text-align: justify;\"><span style=\"font-size: 12.0pt; font-family: 'Tahoma',sans-serif;\">\u00a0 <strong><span style=\"font-size: 24pt;\">A<\/span><\/strong>u dernier trimestre 2022, Vents d\u2019\u00c8vre et les propri\u00e9taires de terrains concern\u00e9s par l\u2019installation des futures \u00e9oliennes ont press\u00e9 Valorem pour obtenir des avanc\u00e9es concr\u00e8tes.<br \/>\nUn rendez-vous avec l\u2019industriel pr\u00e9vu en janvier 2023 a \u00e9t\u00e9 annul\u00e9 par ce dernier.<br \/>\nSuite \u00e0 cela, l\u2019association Vents d\u2019Evre et la SEM Mauges \u00c9nergies ont obtenu que Valorem vende son projet aux deux partenaires (Mauges communaut\u00e9 et Vents d\u2019\u00c8vre), avec comme objectif de faire du parc \u00e9olien du Fief-Sauvin un parc \u00ab 100% citoyen et territoire \u00bb.<\/span><\/p>\n<p>&nbsp;<\/td>\n<\/tr>\n<\/tbody>\n<\/table>\n<p class=\"MsoNoSpacing\" style=\"text-align: justify;\"><span style=\"font-size: 12.0pt; font-family: 'Tahoma',sans-serif;\">\u00a0 \u00a0 Fin 2023, ne parvenant pas \u00e0 se mettre d\u2019accord sur la r\u00e9partition du capital, d\u2019une part,et en raison de divergences sur la possibilit\u00e9 de vendre l\u2019\u00e9lectricit\u00e9 en gr\u00e9 \u00e0 gr\u00e9 \u00e0 des entreprises situ\u00e9es hors \u00ab Mauges Communaut\u00e9 \u00bb, la SEM Mauges Energies a choisi de se retirer du projet tout en restant <i>\u00ab\u00a0<\/i><\/span><i><span style=\"font-size: 12.0pt; font-family: 'Tahoma',sans-serif; mso-fareast-font-family: 'Times New Roman'; color: #222222; mso-font-kerning: 0pt; mso-ligatures: none; mso-fareast-language: FR;\">aux c\u00f4t\u00e9s des porteurs du projet pour y apporter tout appui technique n\u00e9cessaire et la caution politique l\u00e9gitime puisque la production d\u2019\u00e9nergie renouvelable reste un objectif majeur pour ce territoire\u00a0\u00bb.<\/span><\/i><span style=\"font-size: 12.0pt; font-family: 'Tahoma',sans-serif; mso-fareast-font-family: 'Times New Roman'; color: #222222; mso-font-kerning: 0pt; mso-ligatures: none; mso-fareast-language: FR;\">\u00a0<\/span><\/p>\n<p class=\"MsoNoSpacing\" style=\"text-align: center;\"><strong><span style=\"font-size: 18pt; font-family: Tahoma, sans-serif; color: #222222;\">Le Parc \u00e9olien du Fief-Sauvin sera donc un Parc 100% citoyen\u00a0!<\/span><\/strong><\/p>\n<p>&nbsp;<\/p>\n","protected":false},"excerpt":{"rendered":"<p>\u00a0 \u00a0Les premi\u00e8res rencontres informelles de citoyens relatives \u00e0 l\u2019implantation d\u2019un parc \u00e9olien au Fief-Sauvin se sont d\u00e9roul\u00e9es au printemps 2021. Des t\u00e9moignages de responsables &hellip; <\/p>\n","protected":false},"author":1,"featured_media":0,"comment_status":"closed","ping_status":"open","sticky":false,"template":"","format":"standard","meta":{"cybocfi_hide_featured_image":"","footnotes":""},"categories":[3],"tags":[],"class_list":["post-58","post","type-post","status-publish","format-standard","hentry","category-association"],"_links":{"self":[{"href":"https:\/\/ventsdevre.fr\/WP\/wp-json\/wp\/v2\/posts\/58","targetHints":{"allow":["GET"]}}],"collection":[{"href":"https:\/\/ventsdevre.fr\/WP\/wp-json\/wp\/v2\/posts"}],"about":[{"href":"https:\/\/ventsdevre.fr\/WP\/wp-json\/wp\/v2\/types\/post"}],"author":[{"embeddable":true,"href":"https:\/\/ventsdevre.fr\/WP\/wp-json\/wp\/v2\/users\/1"}],"replies":[{"embeddable":true,"href":"https:\/\/ventsdevre.fr\/WP\/wp-json\/wp\/v2\/comments?post=58"}],"version-history":[{"count":9,"href":"https:\/\/ventsdevre.fr\/WP\/wp-json\/wp\/v2\/posts\/58\/revisions"}],"predecessor-version":[{"id":638,"href":"https:\/\/ventsdevre.fr\/WP\/wp-json\/wp\/v2\/posts\/58\/revisions\/638"}],"wp:attachment":[{"href":"https:\/\/ventsdevre.fr\/WP\/wp-json\/wp\/v2\/media?parent=58"}],"wp:term":[{"taxonomy":"category","embeddable":true,"href":"https:\/\/ventsdevre.fr\/WP\/wp-json\/wp\/v2\/categories?post=58"},{"taxonomy":"post_tag","embeddable":true,"href":"https:\/\/ventsdevre.fr\/WP\/wp-json\/wp\/v2\/tags?post=58"}],"curies":[{"name":"wp","href":"https:\/\/api.w.org\/{rel}","templated":true}]}}