{"id":39,"date":"2023-11-11T15:27:13","date_gmt":"2023-11-11T14:27:13","guid":{"rendered":"https:\/\/ventsdevre.fr\/WP\/?p=39"},"modified":"2023-12-22T17:24:11","modified_gmt":"2023-12-22T16:24:11","slug":"nouvelles-du-27-10","status":"publish","type":"post","link":"https:\/\/ventsdevre.fr\/WP\/2023\/11\/11\/nouvelles-du-27-10\/","title":{"rendered":"Nouvelles du 27\/10"},"content":{"rendered":"\n<p>Le projet de Parc \u00e9olien du Fief-Sauvin continue \u00e0 avancer. <br>La prochaine r\u00e9union publique d&rsquo;informations (et derni\u00e8re des cinq dates que nous avions programm\u00e9es en septembre\/octobre) aura lieu<br><strong>LE MARDI 31 OCTOBRE 2023 A 20 H A LA CHAPELLE DU GEN\u00caT (Maison des Loisirs &#8211; Route de St Philbert).<\/strong><br>Nous serons heureux de vous y accueillir nombreux: n&rsquo;h\u00e9sitez pas \u00e0 continuer \u00e0 en parler autour de vous, en invitant vos parents, amis, voisins.. \u00e0 venir s&rsquo;informer et comprendre l&rsquo;int\u00e9r\u00eat d&rsquo;un Parc \u00e9olien citoyen. Vous trouverez en PJ une affiche et des flyers que vous pouvez diffuser sans mod\u00e9ration !\u2026<br>Retenez aussi la date suivante: une autre r\u00e9union aura lieu deux semaines plus tard<br><strong>LE MARDI 14 NOVEMBRE 2023 A 20H A BEAUPREAU  (Salle des Mauges \u00e0 La Loge)<\/strong><br>Cette r\u00e9union sera consacr\u00e9e \u00e0 la lev\u00e9e de fonds, destin\u00e9e:<br>1- aux personnes d\u00e9j\u00e0 actionnaires qui voudront augmenter le montant de leur investissement;<br>2- destin\u00e9e \u00e9galement aux personnes actuellement sur liste d&rsquo;attente, qui pourront officiellement int\u00e9grer la SAS citoyenne et qui pourront augmenter le montant de leur investissement<br>3- destin\u00e9e enfin aux nouvelles personnes souhaitant rentrer dans la SAS citoyenne et investir avec nous dans ce beau projet.<br>Nous reviendrons vers vous ult\u00e9rieurement pour vous apporter d&rsquo;autres informations (et notamment en ce qui concerne les modalit\u00e9s pratiques) mais nous vous invitons d\u00e8s maintenant \u00e0 noter cette date \u00e0 votre agenda.<br>Si vous \u00eates indisponibles \u00e0 cette date, sachez que nous tiendrons une permanence le samedi 18\/11 matin au Fief-Sauvin o\u00f9 nous pourrons accueillir les retardataires. Des pr\u00e9cisions arriveront ult\u00e9rieurement.<br><br>A bient\u00f4t le plaisir de vous accueillir \u00e0 nouveau \u00e0 l&rsquo;un ou l&rsquo;autre de ces rendez-vous.<br>Cordiales salutations.<br><br>Isabelle Poirier et Damien Reveau<br>Co-pr\u00e9sidents Association Vents d&rsquo;Evre<\/p>\n","protected":false},"excerpt":{"rendered":"<p>Le projet de Parc \u00e9olien du Fief-Sauvin continue \u00e0 avancer. La prochaine r\u00e9union publique d&rsquo;informations (et derni\u00e8re des cinq dates que nous avions programm\u00e9es en &hellip; <\/p>\n","protected":false},"author":1,"featured_media":490,"comment_status":"closed","ping_status":"open","sticky":false,"template":"","format":"standard","meta":{"cybocfi_hide_featured_image":"","footnotes":""},"categories":[10],"tags":[],"class_list":["post-39","post","type-post","status-publish","format-standard","has-post-thumbnail","hentry","category-actualites"],"_links":{"self":[{"href":"https:\/\/ventsdevre.fr\/WP\/wp-json\/wp\/v2\/posts\/39","targetHints":{"allow":["GET"]}}],"collection":[{"href":"https:\/\/ventsdevre.fr\/WP\/wp-json\/wp\/v2\/posts"}],"about":[{"href":"https:\/\/ventsdevre.fr\/WP\/wp-json\/wp\/v2\/types\/post"}],"author":[{"embeddable":true,"href":"https:\/\/ventsdevre.fr\/WP\/wp-json\/wp\/v2\/users\/1"}],"replies":[{"embeddable":true,"href":"https:\/\/ventsdevre.fr\/WP\/wp-json\/wp\/v2\/comments?post=39"}],"version-history":[{"count":2,"href":"https:\/\/ventsdevre.fr\/WP\/wp-json\/wp\/v2\/posts\/39\/revisions"}],"predecessor-version":[{"id":597,"href":"https:\/\/ventsdevre.fr\/WP\/wp-json\/wp\/v2\/posts\/39\/revisions\/597"}],"wp:featuredmedia":[{"embeddable":true,"href":"https:\/\/ventsdevre.fr\/WP\/wp-json\/wp\/v2\/media\/490"}],"wp:attachment":[{"href":"https:\/\/ventsdevre.fr\/WP\/wp-json\/wp\/v2\/media?parent=39"}],"wp:term":[{"taxonomy":"category","embeddable":true,"href":"https:\/\/ventsdevre.fr\/WP\/wp-json\/wp\/v2\/categories?post=39"},{"taxonomy":"post_tag","embeddable":true,"href":"https:\/\/ventsdevre.fr\/WP\/wp-json\/wp\/v2\/tags?post=39"}],"curies":[{"name":"wp","href":"https:\/\/api.w.org\/{rel}","templated":true}]}}