{"id":338,"date":"2023-12-01T19:06:13","date_gmt":"2023-12-01T18:06:13","guid":{"rendered":"https:\/\/ventsdevre.fr\/WP\/?p=338"},"modified":"2024-06-10T09:33:28","modified_gmt":"2024-06-10T07:33:28","slug":"investir-dans-la-sas-en-tant-que-citoyen","status":"publish","type":"post","link":"https:\/\/ventsdevre.fr\/WP\/2023\/12\/01\/investir-dans-la-sas-en-tant-que-citoyen\/","title":{"rendered":"Investir dans la SAS en tant que citoyen"},"content":{"rendered":"\r\n<figure><\/figure>\r\n<figure class=\"wp-block-image aligncenter size-large is-resized\"><img loading=\"lazy\" decoding=\"async\" width=\"1024\" height=\"569\" class=\"wp-image-345 alignleft\" style=\"width: 709px; height: auto;\" src=\"https:\/\/ventsdevre.fr\/WP\/wp-content\/uploads\/2023\/12\/image-1024x569.png\" alt=\"\" srcset=\"https:\/\/ventsdevre.fr\/WP\/wp-content\/uploads\/2023\/12\/image-1024x569.png 1024w, https:\/\/ventsdevre.fr\/WP\/wp-content\/uploads\/2023\/12\/image-300x167.png 300w, https:\/\/ventsdevre.fr\/WP\/wp-content\/uploads\/2023\/12\/image-768x427.png 768w, https:\/\/ventsdevre.fr\/WP\/wp-content\/uploads\/2023\/12\/image.png 1347w\" sizes=\"auto, (max-width: 1024px) 100vw, 1024px\" \/><\/figure>\r\n<figure><\/figure>\r\n<figure class=\"wp-block-image aligncenter size-large is-resized\">\u00a0<a style=\"font-size: 1.125rem; color: midnightblue; outline: 0px;\" href=\"https:\/\/ventsdevre.fr\/WP\/wp-content\/uploads\/2023\/12\/Perimetre-de-collecte.pdf\"><b><span style=\"font-size: 12.0pt; line-height: 107%; font-family: 'Calibri',sans-serif; mso-ascii-theme-font: minor-latin; mso-fareast-font-family: Calibri; mso-fareast-theme-font: minor-latin; mso-hansi-theme-font: minor-latin; mso-bidi-font-family: 'Times New Roman'; mso-bidi-theme-font: minor-bidi; mso-ansi-language: FR; mso-fareast-language: EN-US; mso-bidi-language: AR-SA;\">NOUVEAU PERIMETRE DE COLLECTE (D\u00e9cision CA du 13\/11\/2023)<\/span><\/b><\/a><\/figure>\r\n<figure class=\"wp-block-image aligncenter size-large is-resized\"><b><\/b><b><a href=\"https:\/\/ventsdevre.fr\/WP\/wp-content\/uploads\/2023\/12\/Perimetre-de-collecte.pdf\" target=\"_blank\" rel=\"noopener\"><img loading=\"lazy\" decoding=\"async\" class=\"aligncenter wp-image-723 size-medium\" src=\"https:\/\/ventsdevre.fr\/WP\/wp-content\/uploads\/2023\/12\/image-7-300x130.png\" alt=\"Cliquez sur l'image\" width=\"300\" height=\"130\" srcset=\"https:\/\/ventsdevre.fr\/WP\/wp-content\/uploads\/2023\/12\/image-7-300x130.png 300w, https:\/\/ventsdevre.fr\/WP\/wp-content\/uploads\/2023\/12\/image-7.png 454w\" sizes=\"auto, (max-width: 300px) 100vw, 300px\" \/><\/a><\/b><\/figure>\r\n<p>&nbsp;<\/p>\r\n<p>&nbsp;<\/p>\r\n<p>&nbsp;<\/p>\r\n<p>&nbsp;<\/p>\r\n<p><span style=\"font-size: 12pt;\"><strong><em>Note : apr\u00e8s avoir cliqu\u00e9 sur les documents ci-dessous,\u00a0<\/em><\/strong><strong><em>au format pdf, <\/em><\/strong><strong><em>vous pouvez les compl\u00e9ter en ligne, en utilisant\u00a0\u00a0<\/em><\/strong><\/span><\/p>\r\n<table style=\"border-collapse: collapse; width: 100%;\">\r\n<tbody>\r\n<tr>\r\n<td style=\"width: 25%;\"><span style=\"font-size: 12pt;\"><strong><em>\u00a0<\/em><\/strong><\/span><\/td>\r\n<td style=\"width: 25%;\"><span style=\"font-size: 12pt;\"><strong><em>le navigateur Microsoft Edge<\/em><\/strong><\/span><\/td>\r\n<td style=\"width: 50%;\"><span style=\"font-size: 12pt;\"><strong><em>ou le navigateur Firefox<\/em><\/strong><\/span><\/td>\r\n<\/tr>\r\n<tr>\r\n<td style=\"width: 25%;\"><span style=\"font-size: 12pt;\"><strong><em>Le texte avec l&rsquo;outil \u00ab\u00a0Texte\u00a0\u00bb et la signature avec l&rsquo;outil \u00ab\u00a0dessin\u00a0\u00bb\u00a0<\/em><\/strong><\/span><\/td>\r\n<td style=\"width: 25%;\"><span style=\"font-size: 12pt;\"><strong><em><img loading=\"lazy\" decoding=\"async\" class=\"alignnone size-medium wp-image-429\" src=\"https:\/\/ventsdevre.fr\/WP\/wp-content\/uploads\/2023\/12\/2023-12-09-17_17_03-Bulletin-souscription-pour-augm.-capital.pdf-et-3-pages-de-plus-Personnel-\u2013-Mi-300x39.png\" alt=\"\" width=\"300\" height=\"39\" srcset=\"https:\/\/ventsdevre.fr\/WP\/wp-content\/uploads\/2023\/12\/2023-12-09-17_17_03-Bulletin-souscription-pour-augm.-capital.pdf-et-3-pages-de-plus-Personnel-\u2013-Mi-300x39.png 300w, https:\/\/ventsdevre.fr\/WP\/wp-content\/uploads\/2023\/12\/2023-12-09-17_17_03-Bulletin-souscription-pour-augm.-capital.pdf-et-3-pages-de-plus-Personnel-\u2013-Mi.png 350w\" sizes=\"auto, (max-width: 300px) 100vw, 300px\" \/><\/em><\/strong><\/span><\/td>\r\n<td style=\"width: 50%;\"><span style=\"font-size: 12pt;\"><img loading=\"lazy\" decoding=\"async\" class=\"alignnone size-full wp-image-433\" src=\"https:\/\/ventsdevre.fr\/WP\/wp-content\/uploads\/2023\/12\/2023-12-09-17_37_08-Bulletin-souscription-pour-augm.-capital.pdf-\u2014-Mozilla-Firefox.png\" alt=\"\" width=\"173\" height=\"45\" \/><\/span><\/td>\r\n<\/tr>\r\n<tr>\r\n<td style=\"width: 25%;\"><span style=\"font-size: 12pt;\"><strong><em>Enregistrez\u00a0<\/em><\/strong><\/span><\/td>\r\n<td style=\"width: 25%;\"><span style=\"font-size: 12pt;\"><strong><em><img loading=\"lazy\" decoding=\"async\" class=\"alignnone size-full wp-image-430\" src=\"https:\/\/ventsdevre.fr\/WP\/wp-content\/uploads\/2023\/12\/2023-12-09-17_22_57-Bulletin-souscription-pour-augm.-capital.pdf-et-3-pages-de-plus-Personnel-\u2013-Mi.png\" alt=\"\" width=\"221\" height=\"56\" \/><\/em><\/strong><\/span><\/td>\r\n<td style=\"width: 50%;\"><span style=\"font-size: 12pt;\"><img loading=\"lazy\" decoding=\"async\" class=\"alignnone size-full wp-image-433\" src=\"https:\/\/ventsdevre.fr\/WP\/wp-content\/uploads\/2023\/12\/2023-12-09-17_37_08-Bulletin-souscription-pour-augm.-capital.pdf-\u2014-Mozilla-Firefox.png\" alt=\"\" width=\"173\" height=\"45\" \/><\/span><\/td>\r\n<\/tr>\r\n<\/tbody>\r\n<\/table>\r\n<p><span style=\"font-size: 12pt;\"><strong><em>puis envoyez-les en pi\u00e8ces jointes \u00e0 <\/em><\/strong><span style=\"color: #0000ff;\"><strong><em>eoliennesdufiefsauvin (arobase) gmail.com<\/em><\/strong><\/span><\/span><\/p>\r\n<table style=\"border-collapse: collapse; width: 100%;\">\r\n<tbody>\r\n<tr>\r\n<td style=\"width: 51.8242%;\"><span style=\"font-family: 'comic sans ms', sans-serif; font-size: 10pt;\"><strong><a style=\"color: midnightblue; outline: 0px;\" href=\"https:\/\/ventsdevre.fr\/WP\/wp-content\/uploads\/2024\/03\/Bulletin-souscription-pour-augmK2.pdf\">Bulletin de souscription \u00e0 augmentation de capital et d\u2019avance en compte courant :<\/a><\/strong><\/span><\/td>\r\n<td style=\"width: 48.1758%; text-align: center;\"><span style=\"font-family: 'comic sans ms', sans-serif; font-size: 10pt;\"><a style=\"color: midnightblue; outline: 0px;\" href=\"https:\/\/ventsdevre.fr\/WP\/wp-content\/uploads\/2023\/12\/Fiche-Etat-civil-.pdf\" target=\"_blank\" rel=\"noopener\">Documents \u00e0 fournir<\/a><\/span><\/td>\r\n<\/tr>\r\n<tr>\r\n<td style=\"width: 51.8242%;\">\r\n<p>&nbsp;<\/p>\r\n<p><a href=\"https:\/\/ventsdevre.fr\/WP\/wp-content\/uploads\/2024\/06\/Bulletin-souscription-pour-augm_K0824.pdf\" target=\"_blank\" rel=\"noopener\"><img loading=\"lazy\" decoding=\"async\" class=\"alignnone wp-image-826 size-full\" src=\"https:\/\/ventsdevre.fr\/WP\/wp-content\/uploads\/2023\/12\/Img2-AugmentationCapital2.png\" alt=\"\" width=\"945\" height=\"822\" srcset=\"https:\/\/ventsdevre.fr\/WP\/wp-content\/uploads\/2023\/12\/Img2-AugmentationCapital2.png 945w, https:\/\/ventsdevre.fr\/WP\/wp-content\/uploads\/2023\/12\/Img2-AugmentationCapital2-300x261.png 300w, https:\/\/ventsdevre.fr\/WP\/wp-content\/uploads\/2023\/12\/Img2-AugmentationCapital2-768x668.png 768w\" sizes=\"auto, (max-width: 945px) 100vw, 945px\" \/><\/a><\/p>\r\n<p>&nbsp;<\/p>\r\n<\/td>\r\n<td style=\"width: 48.1758%;\"><a href=\"https:\/\/ventsdevre.fr\/WP\/wp-content\/uploads\/2023\/12\/Fiche-Etat-civil-.pdf\" target=\"_blank\" rel=\"noreferrer noopener\"><img loading=\"lazy\" decoding=\"async\" class=\"wp-image-357\" src=\"https:\/\/ventsdevre.fr\/WP\/wp-content\/uploads\/2023\/12\/image-2.png\" alt=\"\" width=\"578\" height=\"178\" srcset=\"https:\/\/ventsdevre.fr\/WP\/wp-content\/uploads\/2023\/12\/image-2.png 727w, https:\/\/ventsdevre.fr\/WP\/wp-content\/uploads\/2023\/12\/image-2-300x92.png 300w\" sizes=\"auto, (max-width: 578px) 100vw, 578px\" \/><\/a><\/td>\r\n<\/tr>\r\n<\/tbody>\r\n<\/table>\r\n<p>&nbsp;<\/p>\r\n<p>&nbsp;<\/p>\r\n<div><span style=\"font-family: verdana, sans-serif;\">Il vous suffit de nous le retourner par mail \u00e0 <u><span style=\"color: #0000ff;\"><a href=\"mailto:eoliennesdufiefsauvin@gmail.com\" target=\"_blank\" rel=\"noopener\">eoliennesdufiefsauvin@gmail.com<\/a><\/span><\/u>\u00a0(en version PDF si possible) en indiquant le nombre de parts suppl\u00e9mentaires que vous souhaitez acqu\u00e9rir. <br \/>Scannez \u00e9galement les deux ch\u00e8ques (un pour le capital: \u00ab\u00a0X actions \u00e0 200\u20ac\u00a0\u00bb, et un pour les comptes courants \u00ab\u00a0X actions \u00e0 800\u20ac\u00a0\u00bb) et adressez nous ce scan par mail. <br \/>Vous nous enverrez enfin vos deux ch\u00e8ques libell\u00e9s \u00e0\u00a0<i>SAS Eoliennes du Fief-Sauvin<\/i>\u00a0\u00e0 l&rsquo;adresse suivante:\u00a0<\/span><\/div>\r\n<div><span style=\"font-family: verdana, sans-serif;\">Patricia Petiteau &#8211; Tr\u00e9sori\u00e8re Vents d&rsquo;Evre &#8211; 703 Les Epinettes &#8211; Le Puiset-Dor\u00e9 &#8211; 49600 MONTREVAULT-SUR-EVRE.<br \/><br \/><\/span><\/div>\r\n<div><span style=\"font-family: verdana, sans-serif;\">Si vous pr\u00e9f\u00e9rez, vous pouvez aussi envoyer tout votre dossier en version papier (Bulletin de souscription\u00a0+ vos 2 ch\u00e8ques) \u00e0 cette m\u00eame adresse<\/span><\/div>\r\n<div><span style=\"font-family: verdana, sans-serif;\">Sachez que la remise des ch\u00e8ques en banque se fera dans le courant de l&rsquo;\u00e9t\u00e9 (vers fin juillet\/d\u00e9but ao\u00fbt 2024, nous vous tiendrons au courant).<br \/><br \/><\/span><\/div>\r\n<p><a href=\"https:\/\/energie-partagee.org\" target=\"_blank\" rel=\"noopener\"><img loading=\"lazy\" decoding=\"async\" class=\"wp-image-634 size-medium alignleft\" src=\"https:\/\/ventsdevre.fr\/WP\/wp-content\/uploads\/2023\/12\/logo-energie-partagee-petales.png\" alt=\"\" width=\"130\" height=\"109\" \/><\/a><\/p>\r\n<p>&nbsp;<\/p>\r\n<p><b id=\"docs-internal-guid-19bb3c55-7fff-d825-8249-38a021db4bbd\" style=\"font-weight: normal;\"><span style=\"font-size: 10pt; font-family: Roboto,sans-serif; color: #404040; background-color: #ffffff; font-weight: 400; font-style: italic; font-variant: normal; text-decoration: none; vertical-align: baseline; white-space: pre-wrap;\"><span style=\"font-size: 18pt;\">Notre partenaire <a href=\"https:\/\/energie-partagee.org\/\" target=\"_blank\" rel=\"noopener\">Energie partag\u00e9e<\/a> permet aux petits porteurs de pouvoir investir<\/span> <\/span><\/b><\/p>\r\n<p><\/p>","protected":false},"excerpt":{"rendered":"","protected":false},"author":1,"featured_media":0,"comment_status":"closed","ping_status":"closed","sticky":false,"template":"","format":"standard","meta":{"cybocfi_hide_featured_image":"","footnotes":""},"categories":[17],"tags":[],"class_list":["post-338","post","type-post","status-publish","format-standard","hentry","category-sas-eoliennes-du-fief-sauvin"],"_links":{"self":[{"href":"https:\/\/ventsdevre.fr\/WP\/wp-json\/wp\/v2\/posts\/338","targetHints":{"allow":["GET"]}}],"collection":[{"href":"https:\/\/ventsdevre.fr\/WP\/wp-json\/wp\/v2\/posts"}],"about":[{"href":"https:\/\/ventsdevre.fr\/WP\/wp-json\/wp\/v2\/types\/post"}],"author":[{"embeddable":true,"href":"https:\/\/ventsdevre.fr\/WP\/wp-json\/wp\/v2\/users\/1"}],"replies":[{"embeddable":true,"href":"https:\/\/ventsdevre.fr\/WP\/wp-json\/wp\/v2\/comments?post=338"}],"version-history":[{"count":30,"href":"https:\/\/ventsdevre.fr\/WP\/wp-json\/wp\/v2\/posts\/338\/revisions"}],"predecessor-version":[{"id":869,"href":"https:\/\/ventsdevre.fr\/WP\/wp-json\/wp\/v2\/posts\/338\/revisions\/869"}],"wp:attachment":[{"href":"https:\/\/ventsdevre.fr\/WP\/wp-json\/wp\/v2\/media?parent=338"}],"wp:term":[{"taxonomy":"category","embeddable":true,"href":"https:\/\/ventsdevre.fr\/WP\/wp-json\/wp\/v2\/categories?post=338"},{"taxonomy":"post_tag","embeddable":true,"href":"https:\/\/ventsdevre.fr\/WP\/wp-json\/wp\/v2\/tags?post=338"}],"curies":[{"name":"wp","href":"https:\/\/api.w.org\/{rel}","templated":true}]}}