{"id":283,"date":"2023-11-28T21:46:14","date_gmt":"2023-11-28T20:46:14","guid":{"rendered":"https:\/\/ventsdevre.fr\/WP\/?p=283"},"modified":"2024-01-22T14:35:19","modified_gmt":"2024-01-22T13:35:19","slug":"pelemele","status":"publish","type":"post","link":"https:\/\/ventsdevre.fr\/WP\/2023\/11\/28\/pelemele\/","title":{"rendered":"P\u00eale-m\u00eale &#8211; Cr\u00e9ation SAS"},"content":{"rendered":"\r\n<figure class=\"wp-block-gallery has-nested-images columns-default is-cropped wp-block-gallery-1 is-layout-flex wp-block-gallery-is-layout-flex\">\r\n<figure class=\"wp-block-image size-large\"><img loading=\"lazy\" decoding=\"async\" width=\"1024\" height=\"683\" data-id=\"285\" class=\"wp-image-285\" src=\"https:\/\/ventsdevre.fr\/WP\/wp-content\/uploads\/2023\/11\/photo-groupe-1024x683.jpg\" alt=\"\" srcset=\"https:\/\/ventsdevre.fr\/WP\/wp-content\/uploads\/2023\/11\/photo-groupe-1024x683.jpg 1024w, https:\/\/ventsdevre.fr\/WP\/wp-content\/uploads\/2023\/11\/photo-groupe-300x200.jpg 300w, https:\/\/ventsdevre.fr\/WP\/wp-content\/uploads\/2023\/11\/photo-groupe-768x512.jpg 768w, https:\/\/ventsdevre.fr\/WP\/wp-content\/uploads\/2023\/11\/photo-groupe.jpg 1280w\" sizes=\"auto, (max-width: 1024px) 100vw, 1024px\" \/><\/figure>\r\n\r\n\r\n\r\n<figure class=\"wp-block-image size-large wp-block-gallery has-nested-images columns-default is-cropped\"><img loading=\"lazy\" decoding=\"async\" width=\"1024\" height=\"635\" data-id=\"284\" class=\"wp-image-284\" src=\"https:\/\/ventsdevre.fr\/WP\/wp-content\/uploads\/2023\/11\/Reunion-27-juin-2023-creation-SAS-1024x635.jpg\" alt=\"\" srcset=\"https:\/\/ventsdevre.fr\/WP\/wp-content\/uploads\/2023\/11\/Reunion-27-juin-2023-creation-SAS-1024x635.jpg 1024w, https:\/\/ventsdevre.fr\/WP\/wp-content\/uploads\/2023\/11\/Reunion-27-juin-2023-creation-SAS-300x186.jpg 300w, https:\/\/ventsdevre.fr\/WP\/wp-content\/uploads\/2023\/11\/Reunion-27-juin-2023-creation-SAS-768x476.jpg 768w, https:\/\/ventsdevre.fr\/WP\/wp-content\/uploads\/2023\/11\/Reunion-27-juin-2023-creation-SAS.jpg 1480w\" sizes=\"auto, (max-width: 1024px) 100vw, 1024px\" \/><\/figure>\r\n<\/figure>\r\n\r\n\r\n\r\n<figure class=\"wp-block-gallery has-nested-images columns-default is-cropped wp-block-gallery-2 is-layout-flex wp-block-gallery-is-layout-flex\">\r\n<figure class=\"wp-block-image size-large\"><img loading=\"lazy\" decoding=\"async\" width=\"1024\" height=\"683\" data-id=\"288\" class=\"wp-image-288\" src=\"https:\/\/ventsdevre.fr\/WP\/wp-content\/uploads\/2023\/11\/IMG_7946-1024x683.jpg\" alt=\"\" srcset=\"https:\/\/ventsdevre.fr\/WP\/wp-content\/uploads\/2023\/11\/IMG_7946-1024x683.jpg 1024w, https:\/\/ventsdevre.fr\/WP\/wp-content\/uploads\/2023\/11\/IMG_7946-300x200.jpg 300w, https:\/\/ventsdevre.fr\/WP\/wp-content\/uploads\/2023\/11\/IMG_7946-768x512.jpg 768w, https:\/\/ventsdevre.fr\/WP\/wp-content\/uploads\/2023\/11\/IMG_7946-1536x1024.jpg 1536w, https:\/\/ventsdevre.fr\/WP\/wp-content\/uploads\/2023\/11\/IMG_7946-2048x1365.jpg 2048w\" sizes=\"auto, (max-width: 1024px) 100vw, 1024px\" \/><\/figure>\r\n\r\n\r\n\r\n<figure class=\"wp-block-image size-large\"><img loading=\"lazy\" decoding=\"async\" width=\"613\" height=\"494\" data-id=\"279\" class=\"wp-image-279\" src=\"https:\/\/ventsdevre.fr\/WP\/wp-content\/uploads\/2023\/11\/17-Oct-2023-Jallais_Un-projet-citoyen-de-quatre-eoliennes-dans-un-village-du-Maine-et-Loire-\u2013-Br.png\" alt=\"\" srcset=\"https:\/\/ventsdevre.fr\/WP\/wp-content\/uploads\/2023\/11\/17-Oct-2023-Jallais_Un-projet-citoyen-de-quatre-eoliennes-dans-un-village-du-Maine-et-Loire-\u2013-Br.png 613w, https:\/\/ventsdevre.fr\/WP\/wp-content\/uploads\/2023\/11\/17-Oct-2023-Jallais_Un-projet-citoyen-de-quatre-eoliennes-dans-un-village-du-Maine-et-Loire-\u2013-Br-300x242.png 300w\" sizes=\"auto, (max-width: 613px) 100vw, 613px\" \/><\/figure>\r\n\r\n\r\n\r\n<figure class=\"wp-block-image size-large\"><img loading=\"lazy\" decoding=\"async\" width=\"1021\" height=\"680\" data-id=\"52\" class=\"wp-image-52\" src=\"https:\/\/ventsdevre.fr\/WP\/wp-content\/uploads\/2023\/11\/image-2.png\" alt=\"\" srcset=\"https:\/\/ventsdevre.fr\/WP\/wp-content\/uploads\/2023\/11\/image-2.png 1021w, https:\/\/ventsdevre.fr\/WP\/wp-content\/uploads\/2023\/11\/image-2-300x200.png 300w, https:\/\/ventsdevre.fr\/WP\/wp-content\/uploads\/2023\/11\/image-2-768x511.png 768w, https:\/\/ventsdevre.fr\/WP\/wp-content\/uploads\/2023\/11\/image-2-700x465.png 700w\" sizes=\"auto, (max-width: 1021px) 100vw, 1021px\" \/><\/figure>\r\n\r\n\r\n\r\n<figure class=\"wp-block-image size-large\"><img loading=\"lazy\" decoding=\"async\" width=\"607\" height=\"379\" data-id=\"135\" class=\"wp-image-135\" src=\"https:\/\/ventsdevre.fr\/WP\/wp-content\/uploads\/2023\/11\/Dans-les-Mauges-Vents-dEvre-veut-federer-linvestissement-citoyen-dans-leolie.png\" alt=\"\" srcset=\"https:\/\/ventsdevre.fr\/WP\/wp-content\/uploads\/2023\/11\/Dans-les-Mauges-Vents-dEvre-veut-federer-linvestissement-citoyen-dans-leolie.png 607w, https:\/\/ventsdevre.fr\/WP\/wp-content\/uploads\/2023\/11\/Dans-les-Mauges-Vents-dEvre-veut-federer-linvestissement-citoyen-dans-leolie-300x187.png 300w\" sizes=\"auto, (max-width: 607px) 100vw, 607px\" \/><\/figure>\r\n\r\n\r\n\r\n<figure class=\"wp-block-image size-large\"><img loading=\"lazy\" decoding=\"async\" width=\"1024\" height=\"683\" data-id=\"287\" class=\"wp-image-287\" src=\"https:\/\/ventsdevre.fr\/WP\/wp-content\/uploads\/2023\/11\/IMG_7941-1024x683.jpg\" alt=\"\" srcset=\"https:\/\/ventsdevre.fr\/WP\/wp-content\/uploads\/2023\/11\/IMG_7941-1024x683.jpg 1024w, https:\/\/ventsdevre.fr\/WP\/wp-content\/uploads\/2023\/11\/IMG_7941-300x200.jpg 300w, https:\/\/ventsdevre.fr\/WP\/wp-content\/uploads\/2023\/11\/IMG_7941-768x512.jpg 768w, https:\/\/ventsdevre.fr\/WP\/wp-content\/uploads\/2023\/11\/IMG_7941-1536x1024.jpg 1536w, https:\/\/ventsdevre.fr\/WP\/wp-content\/uploads\/2023\/11\/IMG_7941-2048x1365.jpg 2048w\" sizes=\"auto, (max-width: 1024px) 100vw, 1024px\" \/><\/figure>\r\n\r\n\r\n\r\n<figure class=\"wp-block-image size-large\"><img loading=\"lazy\" decoding=\"async\" width=\"1024\" height=\"576\" data-id=\"286\" class=\"wp-image-286\" src=\"https:\/\/ventsdevre.fr\/WP\/wp-content\/uploads\/2023\/11\/20231114_210445-1024x576.jpg\" alt=\"\" srcset=\"https:\/\/ventsdevre.fr\/WP\/wp-content\/uploads\/2023\/11\/20231114_210445-1024x576.jpg 1024w, https:\/\/ventsdevre.fr\/WP\/wp-content\/uploads\/2023\/11\/20231114_210445-300x169.jpg 300w, https:\/\/ventsdevre.fr\/WP\/wp-content\/uploads\/2023\/11\/20231114_210445-768x432.jpg 768w, https:\/\/ventsdevre.fr\/WP\/wp-content\/uploads\/2023\/11\/20231114_210445-1536x864.jpg 1536w, https:\/\/ventsdevre.fr\/WP\/wp-content\/uploads\/2023\/11\/20231114_210445-2048x1152.jpg 2048w\" sizes=\"auto, (max-width: 1024px) 100vw, 1024px\" \/><\/figure>\r\n<\/figure>\r\n","protected":false},"excerpt":{"rendered":"","protected":false},"author":1,"featured_media":285,"comment_status":"closed","ping_status":"closed","sticky":false,"template":"","format":"standard","meta":{"cybocfi_hide_featured_image":"yes","footnotes":""},"categories":[5],"tags":[],"class_list":["post-283","post","type-post","status-publish","format-standard","has-post-thumbnail","hentry","category-album-photos"],"_links":{"self":[{"href":"https:\/\/ventsdevre.fr\/WP\/wp-json\/wp\/v2\/posts\/283","targetHints":{"allow":["GET"]}}],"collection":[{"href":"https:\/\/ventsdevre.fr\/WP\/wp-json\/wp\/v2\/posts"}],"about":[{"href":"https:\/\/ventsdevre.fr\/WP\/wp-json\/wp\/v2\/types\/post"}],"author":[{"embeddable":true,"href":"https:\/\/ventsdevre.fr\/WP\/wp-json\/wp\/v2\/users\/1"}],"replies":[{"embeddable":true,"href":"https:\/\/ventsdevre.fr\/WP\/wp-json\/wp\/v2\/comments?post=283"}],"version-history":[{"count":15,"href":"https:\/\/ventsdevre.fr\/WP\/wp-json\/wp\/v2\/posts\/283\/revisions"}],"predecessor-version":[{"id":718,"href":"https:\/\/ventsdevre.fr\/WP\/wp-json\/wp\/v2\/posts\/283\/revisions\/718"}],"wp:featuredmedia":[{"embeddable":true,"href":"https:\/\/ventsdevre.fr\/WP\/wp-json\/wp\/v2\/media\/285"}],"wp:attachment":[{"href":"https:\/\/ventsdevre.fr\/WP\/wp-json\/wp\/v2\/media?parent=283"}],"wp:term":[{"taxonomy":"category","embeddable":true,"href":"https:\/\/ventsdevre.fr\/WP\/wp-json\/wp\/v2\/categories?post=283"},{"taxonomy":"post_tag","embeddable":true,"href":"https:\/\/ventsdevre.fr\/WP\/wp-json\/wp\/v2\/tags?post=283"}],"curies":[{"name":"wp","href":"https:\/\/api.w.org\/{rel}","templated":true}]}}