{"id":1637,"date":"2026-04-22T14:48:35","date_gmt":"2026-04-22T12:48:35","guid":{"rendered":"https:\/\/ventsdevre.fr\/WP\/?p=1637"},"modified":"2026-04-22T14:48:50","modified_gmt":"2026-04-22T12:48:50","slug":"derniere-reunion-avant-linauguration","status":"publish","type":"post","link":"https:\/\/ventsdevre.fr\/WP\/2026\/04\/22\/derniere-reunion-avant-linauguration\/","title":{"rendered":"Derni\u00e8re  r\u00e9union avant l&rsquo;inauguration !"},"content":{"rendered":"<p><img loading=\"lazy\" decoding=\"async\" class=\"size-medium wp-image-1638 alignleft\" src=\"https:\/\/ventsdevre.fr\/WP\/wp-content\/uploads\/2026\/04\/ReuPrepa-300x225.jpg\" alt=\"\" width=\"300\" height=\"225\" srcset=\"https:\/\/ventsdevre.fr\/WP\/wp-content\/uploads\/2026\/04\/ReuPrepa-300x225.jpg 300w, https:\/\/ventsdevre.fr\/WP\/wp-content\/uploads\/2026\/04\/ReuPrepa-1024x768.jpg 1024w, https:\/\/ventsdevre.fr\/WP\/wp-content\/uploads\/2026\/04\/ReuPrepa-768x576.jpg 768w, https:\/\/ventsdevre.fr\/WP\/wp-content\/uploads\/2026\/04\/ReuPrepa-1536x1152.jpg 1536w, https:\/\/ventsdevre.fr\/WP\/wp-content\/uploads\/2026\/04\/ReuPrepa.jpg 1920w\" sizes=\"auto, (max-width: 300px) 100vw, 300px\" \/><br \/>\nPlusieurs centaines de personnes ont r\u00e9pondu \u00e0 l&rsquo;invitation de Vents d&rsquo;Evre et participeront \u00e0 l&rsquo;inauguration du parc \u00e9olien samedi prochain.<br \/>\nPour accueillir tous ces invit\u00e9s, l&rsquo;\u00e9quipe organisatrice met les petits plats dans les grands : village d&rsquo;exposants,\u00a0 table ronde avec des intervenants de qualit\u00e9, visites et animations sont au programme.<br \/>\nLa motivation est l\u00e0 chez tous les b\u00e9n\u00e9voles et chez les actionnaires qui viendront apporter leur aide.<br \/>\nL&rsquo;optimisme est de rigueur: le soleil sera au rendez-vous.<\/p>\n","protected":false},"excerpt":{"rendered":"<p>Plusieurs centaines de personnes ont r\u00e9pondu \u00e0 l&rsquo;invitation de Vents d&rsquo;Evre et participeront \u00e0 l&rsquo;inauguration du parc \u00e9olien samedi prochain. Pour accueillir tous ces invit\u00e9s, &hellip; <\/p>\n","protected":false},"author":3,"featured_media":1638,"comment_status":"closed","ping_status":"closed","sticky":false,"template":"","format":"standard","meta":{"cybocfi_hide_featured_image":"yes","footnotes":""},"categories":[7,10,22],"tags":[],"class_list":["post-1637","post","type-post","status-publish","format-standard","has-post-thumbnail","hentry","category-accueil-menu","category-actualites","category-commission-animation"],"_links":{"self":[{"href":"https:\/\/ventsdevre.fr\/WP\/wp-json\/wp\/v2\/posts\/1637","targetHints":{"allow":["GET"]}}],"collection":[{"href":"https:\/\/ventsdevre.fr\/WP\/wp-json\/wp\/v2\/posts"}],"about":[{"href":"https:\/\/ventsdevre.fr\/WP\/wp-json\/wp\/v2\/types\/post"}],"author":[{"embeddable":true,"href":"https:\/\/ventsdevre.fr\/WP\/wp-json\/wp\/v2\/users\/3"}],"replies":[{"embeddable":true,"href":"https:\/\/ventsdevre.fr\/WP\/wp-json\/wp\/v2\/comments?post=1637"}],"version-history":[{"count":1,"href":"https:\/\/ventsdevre.fr\/WP\/wp-json\/wp\/v2\/posts\/1637\/revisions"}],"predecessor-version":[{"id":1639,"href":"https:\/\/ventsdevre.fr\/WP\/wp-json\/wp\/v2\/posts\/1637\/revisions\/1639"}],"wp:featuredmedia":[{"embeddable":true,"href":"https:\/\/ventsdevre.fr\/WP\/wp-json\/wp\/v2\/media\/1638"}],"wp:attachment":[{"href":"https:\/\/ventsdevre.fr\/WP\/wp-json\/wp\/v2\/media?parent=1637"}],"wp:term":[{"taxonomy":"category","embeddable":true,"href":"https:\/\/ventsdevre.fr\/WP\/wp-json\/wp\/v2\/categories?post=1637"},{"taxonomy":"post_tag","embeddable":true,"href":"https:\/\/ventsdevre.fr\/WP\/wp-json\/wp\/v2\/tags?post=1637"}],"curies":[{"name":"wp","href":"https:\/\/api.w.org\/{rel}","templated":true}]}}