{"id":1595,"date":"2026-04-14T14:40:28","date_gmt":"2026-04-14T12:40:28","guid":{"rendered":"https:\/\/ventsdevre.fr\/WP\/?p=1595"},"modified":"2026-04-17T18:29:20","modified_gmt":"2026-04-17T16:29:20","slug":"les-pompiers-du-grimp-en-manoeuvre-sur-nos-eoliennes","status":"publish","type":"post","link":"https:\/\/ventsdevre.fr\/WP\/2026\/04\/14\/les-pompiers-du-grimp-en-manoeuvre-sur-nos-eoliennes\/","title":{"rendered":"Les pompiers du GRIMP en man\u0153uvre sur nos \u00e9oliennes !"},"content":{"rendered":"<p>Jeudi 9 avril, une dizaine de pompiers angevins du GRIMP (Groupe de Reconnaissance et d\u2019Intervention en Milieu P\u00e9rilleux) \u00e9tait en op\u00e9ration d\u2019entra\u00eenement sur l\u2019\u00e9olienne E1.<br \/>L\u2019exercice consistait \u00e0 descendre un bless\u00e9 du haut de la nacelle, par l\u2019ext\u00e9rieur.<br \/>Apr\u00e8s une bonne heure de pr\u00e9paration pour monter et installer le mat\u00e9riel dans la nacelle, un pompier est descendu en rappel au bout d\u2019un filin, en sortant par une trappe situ\u00e9e sous la nacelle, afin de faire les derni\u00e8res v\u00e9rifications n\u00e9cessaires.<br \/>Puis, deux descentes de \u00ab victimes \u00bb sur des civi\u00e8res sont effectu\u00e9es.<br \/>La premi\u00e8re s\u2019effectue par la trappe situ\u00e9e sous la nacelle.<br \/>La victime, immobilis\u00e9e dans la civi\u00e8re, est sortie d\u2019abord \u00e0 la verticale sur les deux premiers m\u00e8tres (il faut l\u2019imaginer debout, dans la civi\u00e8re) ; un pompier accompagnateur se positionne ensuite \u00e0 c\u00f4t\u00e9 de la civi\u00e8re, qui peut se repositionner \u00e0 l\u2019horizontale.<br \/>Et c\u2019est ensuite la descente \u00e0 deux (accompagnateur + victime) qui s\u2019effectue lentement jusqu\u2019\u00e0 toucher terre, 80 m\u00e8tres plus bas.<br \/>Pour la deuxi\u00e8me descente, la victime est extraite de la nacelle par une trappe situ\u00e9e sur le toit, \u00e0 l\u2019aide d\u2019une potence. Et la descente s\u2019effectue de la m\u00eame mani\u00e8re, la victime dans la civi\u00e8re \u00e0 l\u2019horizontale avec un autre pompier qui l\u2019accompagne jusqu\u2019\u00e0 l\u2019arriv\u00e9e au sol.<br \/>A noter que c\u2019est bien un pompier qui joue le r\u00f4le de la victime, et non pas un mannequin.<br \/>\u00ab Cette exp\u00e9rience fait partie de l\u2019exercice \u00bb, t\u00e9moigne la jeune femme descendue en premier. \u00ab Ainsi on se rend mieux compte de ce que peut ressentir le bless\u00e9, lorsqu\u2019on est dans une v\u00e9ritable op\u00e9ration de secours. C\u2019est impressionnant surtout au d\u00e9part, lorsqu\u2019on est suspendu dans le vide \u00e0 la verticale. L\u00e0 on a vraiment conscience du vide devant et au-dessous de soi. Quand la civi\u00e8re se remet \u00e0 l\u2019horizontale, on voit le ciel, et on oublie qu\u2019on est \u00e0 une si grande hauteur. Le tout, c\u2019est d\u2019avoir une pleine confiance en ses coll\u00e8gues qui sont \u00e0 la man\u0153uvre \u00bb.<br \/>Pour les pompiers du GRIMP 49, ce genre d\u2019exercice revient environ une fois par mois.<br \/>\u00ab On peut aller sur une falaise abrupte d\u2019une carri\u00e8re, ou dans une grotte en P\u00e9rigord ou en Ard\u00e8che. Sur une \u00e9olienne, c\u2019est assez facile. Il y a des points d\u2019accroche pr\u00e9vus partout dans la nacelle. Quand on est dans une grotte, il faut trouver des points d\u2019ancrage, ou \u00eatre plus inventif, tout en garantissant une totale s\u00e9curit\u00e9 \u00bb.<\/p>\n<h2>(Les photos et vid\u00e9os de l\u2019exercice des pompiers du 9 avril <strong><a href=\"https:\/\/tinyurl.com\/GRIMPAngers\">ici<\/a> <\/strong>)<\/h2>\n\n\n<figure class=\"wp-block-gallery has-nested-images columns-default is-cropped wp-block-gallery-1 is-layout-flex wp-block-gallery-is-layout-flex\">\n<figure class=\"wp-block-image size-large\"><img loading=\"lazy\" decoding=\"async\" width=\"1024\" height=\"768\" data-id=\"1604\" src=\"https:\/\/ventsdevre.fr\/WP\/wp-content\/uploads\/2026\/04\/20260409_114330-1024x768.jpg\" alt=\"\" class=\"wp-image-1604\" srcset=\"https:\/\/ventsdevre.fr\/WP\/wp-content\/uploads\/2026\/04\/20260409_114330-1024x768.jpg 1024w, https:\/\/ventsdevre.fr\/WP\/wp-content\/uploads\/2026\/04\/20260409_114330-300x225.jpg 300w, https:\/\/ventsdevre.fr\/WP\/wp-content\/uploads\/2026\/04\/20260409_114330-768x576.jpg 768w, https:\/\/ventsdevre.fr\/WP\/wp-content\/uploads\/2026\/04\/20260409_114330-1536x1152.jpg 1536w, https:\/\/ventsdevre.fr\/WP\/wp-content\/uploads\/2026\/04\/20260409_114330.jpg 1920w\" sizes=\"auto, (max-width: 1024px) 100vw, 1024px\" \/><figcaption class=\"wp-element-caption\">Les pompiers du GRIMP en man\u0153uvre sur nos \u00e9oliennes<\/figcaption><\/figure>\n\n\n\n<figure class=\"wp-block-image size-large\"><img loading=\"lazy\" decoding=\"async\" width=\"768\" height=\"1024\" data-id=\"1606\" src=\"https:\/\/ventsdevre.fr\/WP\/wp-content\/uploads\/2026\/04\/20260409_104925-768x1024.jpg\" alt=\"\" class=\"wp-image-1606\" srcset=\"https:\/\/ventsdevre.fr\/WP\/wp-content\/uploads\/2026\/04\/20260409_104925-768x1024.jpg 768w, https:\/\/ventsdevre.fr\/WP\/wp-content\/uploads\/2026\/04\/20260409_104925-225x300.jpg 225w, https:\/\/ventsdevre.fr\/WP\/wp-content\/uploads\/2026\/04\/20260409_104925-1152x1536.jpg 1152w, https:\/\/ventsdevre.fr\/WP\/wp-content\/uploads\/2026\/04\/20260409_104925.jpg 1440w\" sizes=\"auto, (max-width: 768px) 100vw, 768px\" \/><figcaption class=\"wp-element-caption\">mont\u00e9e de la civi\u00e8re (vide)<\/figcaption><\/figure>\n\n\n\n<figure class=\"wp-block-image size-large\"><img loading=\"lazy\" decoding=\"async\" width=\"1024\" height=\"768\" data-id=\"1605\" src=\"https:\/\/ventsdevre.fr\/WP\/wp-content\/uploads\/2026\/04\/20260409_110006-1024x768.jpg\" alt=\"\" class=\"wp-image-1605\" srcset=\"https:\/\/ventsdevre.fr\/WP\/wp-content\/uploads\/2026\/04\/20260409_110006-1024x768.jpg 1024w, https:\/\/ventsdevre.fr\/WP\/wp-content\/uploads\/2026\/04\/20260409_110006-300x225.jpg 300w, https:\/\/ventsdevre.fr\/WP\/wp-content\/uploads\/2026\/04\/20260409_110006-768x576.jpg 768w, https:\/\/ventsdevre.fr\/WP\/wp-content\/uploads\/2026\/04\/20260409_110006-1536x1152.jpg 1536w, https:\/\/ventsdevre.fr\/WP\/wp-content\/uploads\/2026\/04\/20260409_110006.jpg 1920w\" sizes=\"auto, (max-width: 1024px) 100vw, 1024px\" \/><figcaption class=\"wp-element-caption\">pompiers sur le toit en pr\u00e9paration de la 2\u00e8me descente<\/figcaption><\/figure>\n\n\n\n<figure class=\"wp-block-image size-large\"><img loading=\"lazy\" decoding=\"async\" width=\"1024\" height=\"768\" data-id=\"1603\" src=\"https:\/\/ventsdevre.fr\/WP\/wp-content\/uploads\/2026\/04\/20260409_121358-1024x768.jpg\" alt=\"\" class=\"wp-image-1603\" srcset=\"https:\/\/ventsdevre.fr\/WP\/wp-content\/uploads\/2026\/04\/20260409_121358-1024x768.jpg 1024w, https:\/\/ventsdevre.fr\/WP\/wp-content\/uploads\/2026\/04\/20260409_121358-300x225.jpg 300w, https:\/\/ventsdevre.fr\/WP\/wp-content\/uploads\/2026\/04\/20260409_121358-768x576.jpg 768w, https:\/\/ventsdevre.fr\/WP\/wp-content\/uploads\/2026\/04\/20260409_121358.jpg 1152w\" sizes=\"auto, (max-width: 1024px) 100vw, 1024px\" \/><\/figure>\n\n\n\n<figure class=\"wp-block-image size-large\"><img loading=\"lazy\" decoding=\"async\" width=\"1024\" height=\"768\" data-id=\"1602\" src=\"https:\/\/ventsdevre.fr\/WP\/wp-content\/uploads\/2026\/04\/20260409_121528-1024x768.jpg\" alt=\"\" class=\"wp-image-1602\" srcset=\"https:\/\/ventsdevre.fr\/WP\/wp-content\/uploads\/2026\/04\/20260409_121528-1024x768.jpg 1024w, https:\/\/ventsdevre.fr\/WP\/wp-content\/uploads\/2026\/04\/20260409_121528-300x225.jpg 300w, https:\/\/ventsdevre.fr\/WP\/wp-content\/uploads\/2026\/04\/20260409_121528-768x576.jpg 768w, https:\/\/ventsdevre.fr\/WP\/wp-content\/uploads\/2026\/04\/20260409_121528-1536x1152.jpg 1536w, https:\/\/ventsdevre.fr\/WP\/wp-content\/uploads\/2026\/04\/20260409_121528.jpg 1920w\" sizes=\"auto, (max-width: 1024px) 100vw, 1024px\" \/><figcaption class=\"wp-element-caption\">Premi\u00e8re descente, juste \u00e0 la sortie de la nacelle, civi\u00e8re \u00e0 l&rsquo;horizontale<\/figcaption><\/figure>\n\n\n\n<figure class=\"wp-block-image size-large\"><img loading=\"lazy\" decoding=\"async\" width=\"768\" height=\"1024\" data-id=\"1601\" src=\"https:\/\/ventsdevre.fr\/WP\/wp-content\/uploads\/2026\/04\/20260409_122630-768x1024.jpg\" alt=\"\" class=\"wp-image-1601\" srcset=\"https:\/\/ventsdevre.fr\/WP\/wp-content\/uploads\/2026\/04\/20260409_122630-768x1024.jpg 768w, https:\/\/ventsdevre.fr\/WP\/wp-content\/uploads\/2026\/04\/20260409_122630-225x300.jpg 225w, https:\/\/ventsdevre.fr\/WP\/wp-content\/uploads\/2026\/04\/20260409_122630-1152x1536.jpg 1152w, https:\/\/ventsdevre.fr\/WP\/wp-content\/uploads\/2026\/04\/20260409_122630.jpg 1440w\" sizes=\"auto, (max-width: 768px) 100vw, 768px\" \/><figcaption class=\"wp-element-caption\">premi\u00e8re descente, \u00e0 quelques m\u00e8tres du sol<\/figcaption><\/figure>\n\n\n\n<figure class=\"wp-block-image size-large\"><img loading=\"lazy\" decoding=\"async\" width=\"768\" height=\"1024\" data-id=\"1600\" src=\"https:\/\/ventsdevre.fr\/WP\/wp-content\/uploads\/2026\/04\/20260409_122838-768x1024.jpg\" alt=\"\" class=\"wp-image-1600\" srcset=\"https:\/\/ventsdevre.fr\/WP\/wp-content\/uploads\/2026\/04\/20260409_122838-768x1024.jpg 768w, https:\/\/ventsdevre.fr\/WP\/wp-content\/uploads\/2026\/04\/20260409_122838-225x300.jpg 225w, https:\/\/ventsdevre.fr\/WP\/wp-content\/uploads\/2026\/04\/20260409_122838.jpg 1152w\" sizes=\"auto, (max-width: 768px) 100vw, 768px\" \/><\/figure>\n\n\n\n<figure class=\"wp-block-image size-large\"><img loading=\"lazy\" decoding=\"async\" width=\"1024\" height=\"768\" data-id=\"1599\" src=\"https:\/\/ventsdevre.fr\/WP\/wp-content\/uploads\/2026\/04\/20260409_122858-1024x768.jpg\" alt=\"\" class=\"wp-image-1599\" srcset=\"https:\/\/ventsdevre.fr\/WP\/wp-content\/uploads\/2026\/04\/20260409_122858-1024x768.jpg 1024w, https:\/\/ventsdevre.fr\/WP\/wp-content\/uploads\/2026\/04\/20260409_122858-300x225.jpg 300w, https:\/\/ventsdevre.fr\/WP\/wp-content\/uploads\/2026\/04\/20260409_122858-768x576.jpg 768w, https:\/\/ventsdevre.fr\/WP\/wp-content\/uploads\/2026\/04\/20260409_122858.jpg 1152w\" sizes=\"auto, (max-width: 1024px) 100vw, 1024px\" \/><\/figure>\n\n\n\n<figure class=\"wp-block-image size-large\"><img loading=\"lazy\" decoding=\"async\" width=\"1024\" height=\"768\" data-id=\"1598\" src=\"https:\/\/ventsdevre.fr\/WP\/wp-content\/uploads\/2026\/04\/20260409_122916-1024x768.jpg\" alt=\"\" class=\"wp-image-1598\" srcset=\"https:\/\/ventsdevre.fr\/WP\/wp-content\/uploads\/2026\/04\/20260409_122916-1024x768.jpg 1024w, https:\/\/ventsdevre.fr\/WP\/wp-content\/uploads\/2026\/04\/20260409_122916-300x225.jpg 300w, https:\/\/ventsdevre.fr\/WP\/wp-content\/uploads\/2026\/04\/20260409_122916-768x576.jpg 768w, https:\/\/ventsdevre.fr\/WP\/wp-content\/uploads\/2026\/04\/20260409_122916.jpg 1152w\" sizes=\"auto, (max-width: 1024px) 100vw, 1024px\" \/><\/figure>\n\n\n\n<figure class=\"wp-block-image size-large\"><img loading=\"lazy\" decoding=\"async\" width=\"768\" height=\"1024\" data-id=\"1597\" src=\"https:\/\/ventsdevre.fr\/WP\/wp-content\/uploads\/2026\/04\/20260409_123018-768x1024.jpg\" alt=\"\" class=\"wp-image-1597\" srcset=\"https:\/\/ventsdevre.fr\/WP\/wp-content\/uploads\/2026\/04\/20260409_123018-768x1024.jpg 768w, https:\/\/ventsdevre.fr\/WP\/wp-content\/uploads\/2026\/04\/20260409_123018-225x300.jpg 225w, https:\/\/ventsdevre.fr\/WP\/wp-content\/uploads\/2026\/04\/20260409_123018.jpg 1152w\" sizes=\"auto, (max-width: 768px) 100vw, 768px\" \/><\/figure>\n<\/figure>\n","protected":false},"excerpt":{"rendered":"<p>Jeudi 9 avril, une dizaine de pompiers angevins du GRIMP (Groupe de Reconnaissance et d\u2019Intervention en Milieu P\u00e9rilleux) \u00e9tait en op\u00e9ration d\u2019entra\u00eenement sur l\u2019\u00e9olienne E1.L\u2019exercice &hellip; <\/p>\n","protected":false},"author":3,"featured_media":1602,"comment_status":"closed","ping_status":"closed","sticky":false,"template":"","format":"standard","meta":{"cybocfi_hide_featured_image":"yes","footnotes":""},"categories":[7,10],"tags":[],"class_list":["post-1595","post","type-post","status-publish","format-standard","has-post-thumbnail","hentry","category-accueil-menu","category-actualites"],"_links":{"self":[{"href":"https:\/\/ventsdevre.fr\/WP\/wp-json\/wp\/v2\/posts\/1595","targetHints":{"allow":["GET"]}}],"collection":[{"href":"https:\/\/ventsdevre.fr\/WP\/wp-json\/wp\/v2\/posts"}],"about":[{"href":"https:\/\/ventsdevre.fr\/WP\/wp-json\/wp\/v2\/types\/post"}],"author":[{"embeddable":true,"href":"https:\/\/ventsdevre.fr\/WP\/wp-json\/wp\/v2\/users\/3"}],"replies":[{"embeddable":true,"href":"https:\/\/ventsdevre.fr\/WP\/wp-json\/wp\/v2\/comments?post=1595"}],"version-history":[{"count":6,"href":"https:\/\/ventsdevre.fr\/WP\/wp-json\/wp\/v2\/posts\/1595\/revisions"}],"predecessor-version":[{"id":1636,"href":"https:\/\/ventsdevre.fr\/WP\/wp-json\/wp\/v2\/posts\/1595\/revisions\/1636"}],"wp:featuredmedia":[{"embeddable":true,"href":"https:\/\/ventsdevre.fr\/WP\/wp-json\/wp\/v2\/media\/1602"}],"wp:attachment":[{"href":"https:\/\/ventsdevre.fr\/WP\/wp-json\/wp\/v2\/media?parent=1595"}],"wp:term":[{"taxonomy":"category","embeddable":true,"href":"https:\/\/ventsdevre.fr\/WP\/wp-json\/wp\/v2\/categories?post=1595"},{"taxonomy":"post_tag","embeddable":true,"href":"https:\/\/ventsdevre.fr\/WP\/wp-json\/wp\/v2\/tags?post=1595"}],"curies":[{"name":"wp","href":"https:\/\/api.w.org\/{rel}","templated":true}]}}