{"id":1513,"date":"2025-09-22T18:41:37","date_gmt":"2025-09-22T16:41:37","guid":{"rendered":"https:\/\/ventsdevre.fr\/WP\/?p=1513"},"modified":"2025-09-22T18:44:12","modified_gmt":"2025-09-22T16:44:12","slug":"ouest-france-un-nouveau-parc-eolien-citoyen-en-anjou","status":"publish","type":"post","link":"https:\/\/ventsdevre.fr\/WP\/2025\/09\/22\/ouest-france-un-nouveau-parc-eolien-citoyen-en-anjou\/","title":{"rendered":"Ouest-France : Un nouveau parc \u00e9olien citoyen en Anjou"},"content":{"rendered":"<p><img loading=\"lazy\" decoding=\"async\" class=\"size-medium wp-image-1447 alignleft\" src=\"https:\/\/ventsdevre.fr\/WP\/wp-content\/uploads\/2025\/09\/Pa8-300x169.jpeg\" alt=\"\" width=\"300\" height=\"169\" srcset=\"https:\/\/ventsdevre.fr\/WP\/wp-content\/uploads\/2025\/09\/Pa8-300x169.jpeg 300w, https:\/\/ventsdevre.fr\/WP\/wp-content\/uploads\/2025\/09\/Pa8-1024x576.jpeg 1024w, https:\/\/ventsdevre.fr\/WP\/wp-content\/uploads\/2025\/09\/Pa8-768x432.jpeg 768w, https:\/\/ventsdevre.fr\/WP\/wp-content\/uploads\/2025\/09\/Pa8-1536x864.jpeg 1536w, https:\/\/ventsdevre.fr\/WP\/wp-content\/uploads\/2025\/09\/Pa8.jpeg 1600w\" sizes=\"auto, (max-width: 300px) 100vw, 300px\" \/>Ce vendredi 19 septembre 2025, le nouveau parc \u00e9olien citoyen du FiefSauvin, situ\u00e9 dans la commune de Montrevault-sur-\u00c8vre (Maine-et-Loire), a \u00e9t\u00e9 officiellement inaugur\u00e9.<br \/>\nCe projet, soutenu par 448 citoyens investisseurs et accompagn\u00e9 par des partenaires comme \u00c9nergie partag\u00e9e et Atout vent conseil, s\u2019inscrit dans une d\u00e9marche exemplaire de d\u00e9veloppement durable, reconnue par le label \u00c9nergie partag\u00e9e.<\/p>\n<p>L&rsquo;article <span style=\"font-size: 18pt;\"><a href=\"https:\/\/www.ouest-france.fr\/economie\/energie\/energie-eolienne\/un-nouveau-parc-eolien-citoyen-en-anjou-89d1c5ee-96ad-11f0-9689-8940a74acfc4\" target=\"_blank\" rel=\"noopener\">ici<\/a> <\/span>et quelques photos et vid\u00e9os dans les <span style=\"font-size: 18pt;\"><a href=\"https:\/\/ventsdevre.fr\/WP\/2025\/09\/21\/celebrationpremierstoursdepale\/\">albums photos et vid\u00e9os<\/a><\/span><\/p>\n<p>&nbsp;<\/p>\n","protected":false},"excerpt":{"rendered":"<p>Ce vendredi 19 septembre 2025, le nouveau parc \u00e9olien citoyen du FiefSauvin, situ\u00e9 dans la commune de Montrevault-sur-\u00c8vre (Maine-et-Loire), a \u00e9t\u00e9 officiellement inaugur\u00e9. Ce projet, &hellip; <\/p>\n","protected":false},"author":1,"featured_media":1441,"comment_status":"closed","ping_status":"closed","sticky":false,"template":"","format":"standard","meta":{"cybocfi_hide_featured_image":"yes","footnotes":""},"categories":[7,10,4],"tags":[],"class_list":["post-1513","post","type-post","status-publish","format-standard","has-post-thumbnail","hentry","category-accueil-menu","category-actualites","category-presse"],"_links":{"self":[{"href":"https:\/\/ventsdevre.fr\/WP\/wp-json\/wp\/v2\/posts\/1513","targetHints":{"allow":["GET"]}}],"collection":[{"href":"https:\/\/ventsdevre.fr\/WP\/wp-json\/wp\/v2\/posts"}],"about":[{"href":"https:\/\/ventsdevre.fr\/WP\/wp-json\/wp\/v2\/types\/post"}],"author":[{"embeddable":true,"href":"https:\/\/ventsdevre.fr\/WP\/wp-json\/wp\/v2\/users\/1"}],"replies":[{"embeddable":true,"href":"https:\/\/ventsdevre.fr\/WP\/wp-json\/wp\/v2\/comments?post=1513"}],"version-history":[{"count":3,"href":"https:\/\/ventsdevre.fr\/WP\/wp-json\/wp\/v2\/posts\/1513\/revisions"}],"predecessor-version":[{"id":1517,"href":"https:\/\/ventsdevre.fr\/WP\/wp-json\/wp\/v2\/posts\/1513\/revisions\/1517"}],"wp:featuredmedia":[{"embeddable":true,"href":"https:\/\/ventsdevre.fr\/WP\/wp-json\/wp\/v2\/media\/1441"}],"wp:attachment":[{"href":"https:\/\/ventsdevre.fr\/WP\/wp-json\/wp\/v2\/media?parent=1513"}],"wp:term":[{"taxonomy":"category","embeddable":true,"href":"https:\/\/ventsdevre.fr\/WP\/wp-json\/wp\/v2\/categories?post=1513"},{"taxonomy":"post_tag","embeddable":true,"href":"https:\/\/ventsdevre.fr\/WP\/wp-json\/wp\/v2\/tags?post=1513"}],"curies":[{"name":"wp","href":"https:\/\/api.w.org\/{rel}","templated":true}]}}