{"id":1422,"date":"2025-06-11T10:20:22","date_gmt":"2025-06-11T08:20:22","guid":{"rendered":"https:\/\/ventsdevre.fr\/WP\/?p=1422"},"modified":"2025-06-11T10:26:06","modified_gmt":"2025-06-11T08:26:06","slug":"meme-pas-peur","status":"publish","type":"post","link":"https:\/\/ventsdevre.fr\/WP\/2025\/06\/11\/meme-pas-peur\/","title":{"rendered":"M\u00eame pas peur\u2026"},"content":{"rendered":"<p><img loading=\"lazy\" decoding=\"async\" class=\"size-medium wp-image-1424 alignleft\" src=\"https:\/\/ventsdevre.fr\/WP\/wp-content\/uploads\/2025\/06\/IMG-20250529-WA00053-300x169.jpg\" alt=\"\" width=\"300\" height=\"169\" srcset=\"https:\/\/ventsdevre.fr\/WP\/wp-content\/uploads\/2025\/06\/IMG-20250529-WA00053-300x169.jpg 300w, https:\/\/ventsdevre.fr\/WP\/wp-content\/uploads\/2025\/06\/IMG-20250529-WA00053-1024x576.jpg 1024w, https:\/\/ventsdevre.fr\/WP\/wp-content\/uploads\/2025\/06\/IMG-20250529-WA00053-768x432.jpg 768w, https:\/\/ventsdevre.fr\/WP\/wp-content\/uploads\/2025\/06\/IMG-20250529-WA00053-1536x864.jpg 1536w, https:\/\/ventsdevre.fr\/WP\/wp-content\/uploads\/2025\/06\/IMG-20250529-WA00053.jpg 2000w\" sizes=\"auto, (max-width: 300px) 100vw, 300px\" \/>Sur les images du chantier, on aper\u00e7oit parfois des hommes haut perch\u00e9s, \u00e0 90 m\u00e8tres de hauteur\u2026<br \/>C\u2019est une t\u00eate qui d\u00e9passe du m\u00e2t avant la mont\u00e9e de la nacelle\u2026<br \/>Ce sont d\u2019autres hommes qui attendent tranquillement dans le hub la mont\u00e9e de la pale<br \/>Ou encore un autre, tout d\u00e9contract\u00e9 sur la nacelle, qui contr\u00f4le (ou d\u00e9clenche ?) le d\u00e9crochage des sangles, apr\u00e8s que la pale ait \u00e9t\u00e9 fix\u00e9e.<br \/>M\u00eame pas peur\u2026<\/p>\n<p>\u00a0<\/p>\n\n\n<figure class=\"wp-block-video\"><video height=\"480\" style=\"aspect-ratio: 848 \/ 480;\" width=\"848\" controls src=\"https:\/\/ventsdevre.fr\/WP\/wp-content\/uploads\/2025\/06\/VID-20250529-WA0002.mp4\"><\/video><\/figure>\n\n\n\n<p> <\/p>\n\n\n\n<figure class=\"wp-block-video\"><video height=\"480\" style=\"aspect-ratio: 848 \/ 480;\" width=\"848\" controls src=\"https:\/\/ventsdevre.fr\/WP\/wp-content\/uploads\/2025\/06\/VID-20250529-WA0003.mp4\"><\/video><\/figure>\n\n\n\n<figure class=\"wp-block-video\"><video height=\"480\" style=\"aspect-ratio: 848 \/ 480;\" width=\"848\" controls src=\"https:\/\/ventsdevre.fr\/WP\/wp-content\/uploads\/2025\/06\/VID-20250529-WA0004.mp4\"><\/video><\/figure>\n\n\n\n<figure class=\"wp-block-video\"><video height=\"850\" style=\"aspect-ratio: 474 \/ 850;\" width=\"474\" controls src=\"https:\/\/ventsdevre.fr\/WP\/wp-content\/uploads\/2025\/06\/VID-20250526-WA0003.mp4\"><\/video><\/figure>\n","protected":false},"excerpt":{"rendered":"<p>Sur les images du chantier, on aper\u00e7oit parfois des hommes haut perch\u00e9s, \u00e0 90 m\u00e8tres de hauteur\u2026C\u2019est une t\u00eate qui d\u00e9passe du m\u00e2t avant la &hellip; <\/p>\n","protected":false},"author":3,"featured_media":1424,"comment_status":"closed","ping_status":"closed","sticky":false,"template":"","format":"standard","meta":{"cybocfi_hide_featured_image":"yes","footnotes":""},"categories":[7,10,21],"tags":[],"class_list":["post-1422","post","type-post","status-publish","format-standard","has-post-thumbnail","hentry","category-accueil-menu","category-actualites","category-construction"],"_links":{"self":[{"href":"https:\/\/ventsdevre.fr\/WP\/wp-json\/wp\/v2\/posts\/1422","targetHints":{"allow":["GET"]}}],"collection":[{"href":"https:\/\/ventsdevre.fr\/WP\/wp-json\/wp\/v2\/posts"}],"about":[{"href":"https:\/\/ventsdevre.fr\/WP\/wp-json\/wp\/v2\/types\/post"}],"author":[{"embeddable":true,"href":"https:\/\/ventsdevre.fr\/WP\/wp-json\/wp\/v2\/users\/3"}],"replies":[{"embeddable":true,"href":"https:\/\/ventsdevre.fr\/WP\/wp-json\/wp\/v2\/comments?post=1422"}],"version-history":[{"count":3,"href":"https:\/\/ventsdevre.fr\/WP\/wp-json\/wp\/v2\/posts\/1422\/revisions"}],"predecessor-version":[{"id":1433,"href":"https:\/\/ventsdevre.fr\/WP\/wp-json\/wp\/v2\/posts\/1422\/revisions\/1433"}],"wp:featuredmedia":[{"embeddable":true,"href":"https:\/\/ventsdevre.fr\/WP\/wp-json\/wp\/v2\/media\/1424"}],"wp:attachment":[{"href":"https:\/\/ventsdevre.fr\/WP\/wp-json\/wp\/v2\/media?parent=1422"}],"wp:term":[{"taxonomy":"category","embeddable":true,"href":"https:\/\/ventsdevre.fr\/WP\/wp-json\/wp\/v2\/categories?post=1422"},{"taxonomy":"post_tag","embeddable":true,"href":"https:\/\/ventsdevre.fr\/WP\/wp-json\/wp\/v2\/tags?post=1422"}],"curies":[{"name":"wp","href":"https:\/\/api.w.org\/{rel}","templated":true}]}}