{"id":1406,"date":"2025-06-01T22:56:46","date_gmt":"2025-06-01T20:56:46","guid":{"rendered":"https:\/\/ventsdevre.fr\/WP\/?p=1406"},"modified":"2025-06-01T23:00:12","modified_gmt":"2025-06-01T21:00:12","slug":"les-quatre-eoliennes-du-parc-sont-montees","status":"publish","type":"post","link":"https:\/\/ventsdevre.fr\/WP\/2025\/06\/01\/les-quatre-eoliennes-du-parc-sont-montees\/","title":{"rendered":"Les quatre \u00e9oliennes du Parc sont mont\u00e9es !"},"content":{"rendered":"<p><img loading=\"lazy\" decoding=\"async\" class=\"alignleft wp-image-1410\" src=\"https:\/\/ventsdevre.fr\/WP\/wp-content\/uploads\/2025\/06\/IMG-20250530-WA0003-300x169.jpg\" alt=\"\" width=\"375\" height=\"211\" srcset=\"https:\/\/ventsdevre.fr\/WP\/wp-content\/uploads\/2025\/06\/IMG-20250530-WA0003-300x169.jpg 300w, https:\/\/ventsdevre.fr\/WP\/wp-content\/uploads\/2025\/06\/IMG-20250530-WA0003-1024x576.jpg 1024w, https:\/\/ventsdevre.fr\/WP\/wp-content\/uploads\/2025\/06\/IMG-20250530-WA0003-768x432.jpg 768w, https:\/\/ventsdevre.fr\/WP\/wp-content\/uploads\/2025\/06\/IMG-20250530-WA0003-1536x864.jpg 1536w, https:\/\/ventsdevre.fr\/WP\/wp-content\/uploads\/2025\/06\/IMG-20250530-WA0003.jpg 1600w\" sizes=\"auto, (max-width: 375px) 100vw, 375px\" \/>Du mardi 22 avril au lundi 26 mai, 5 semaines ont suffi pour le montage des quatre \u00e9oliennes.<br \/>\nLe planning pr\u00e9visionnel \u00e9tait un peu plus serr\u00e9, mais quelques journ\u00e9es venteuses ont emp\u00each\u00e9 les \u00e9quipes de montage de garder le rythme.<br \/>\nM\u00eame s&rsquo;il y a un peu de retard, \u00e7a ne remet rien en cause et on reste encore parfaitement dans le calendrier.<br \/>\nMaintenant, les \u00e9quipes de c\u00e2bleurs sont \u00e0 l&rsquo;ouvrage \u00e0 l&rsquo;int\u00e9rieur de chaque \u00e9olienne (il faut compter environ deux semaines de travail par \u00e9olienne), et d\u00e9sormais, on se moque de possibles agitations m\u00e9t\u00e9orologiques !&#8230;<br \/>\nOn peut esp\u00e9rer les premiers tours de pales pour la fin du mois de juin ou le tout d\u00e9but juillet.<br \/>\nDu haut de leurs 150 m\u00e8tres, \u00e9quip\u00e9es de leurs pales de 65,5 m\u00e8tres, nos quatre \u00e9oliennes citoyennes font d\u00e9sormais partie du paysage du Fief-Sauvin.<\/p>\n","protected":false},"excerpt":{"rendered":"<p>Du mardi 22 avril au lundi 26 mai, 5 semaines ont suffi pour le montage des quatre \u00e9oliennes. Le planning pr\u00e9visionnel \u00e9tait un peu plus &hellip; <\/p>\n","protected":false},"author":3,"featured_media":1409,"comment_status":"closed","ping_status":"closed","sticky":false,"template":"","format":"standard","meta":{"cybocfi_hide_featured_image":"yes","footnotes":""},"categories":[7,10,21],"tags":[],"class_list":["post-1406","post","type-post","status-publish","format-standard","has-post-thumbnail","hentry","category-accueil-menu","category-actualites","category-construction"],"_links":{"self":[{"href":"https:\/\/ventsdevre.fr\/WP\/wp-json\/wp\/v2\/posts\/1406","targetHints":{"allow":["GET"]}}],"collection":[{"href":"https:\/\/ventsdevre.fr\/WP\/wp-json\/wp\/v2\/posts"}],"about":[{"href":"https:\/\/ventsdevre.fr\/WP\/wp-json\/wp\/v2\/types\/post"}],"author":[{"embeddable":true,"href":"https:\/\/ventsdevre.fr\/WP\/wp-json\/wp\/v2\/users\/3"}],"replies":[{"embeddable":true,"href":"https:\/\/ventsdevre.fr\/WP\/wp-json\/wp\/v2\/comments?post=1406"}],"version-history":[{"count":3,"href":"https:\/\/ventsdevre.fr\/WP\/wp-json\/wp\/v2\/posts\/1406\/revisions"}],"predecessor-version":[{"id":1412,"href":"https:\/\/ventsdevre.fr\/WP\/wp-json\/wp\/v2\/posts\/1406\/revisions\/1412"}],"wp:featuredmedia":[{"embeddable":true,"href":"https:\/\/ventsdevre.fr\/WP\/wp-json\/wp\/v2\/media\/1409"}],"wp:attachment":[{"href":"https:\/\/ventsdevre.fr\/WP\/wp-json\/wp\/v2\/media?parent=1406"}],"wp:term":[{"taxonomy":"category","embeddable":true,"href":"https:\/\/ventsdevre.fr\/WP\/wp-json\/wp\/v2\/categories?post=1406"},{"taxonomy":"post_tag","embeddable":true,"href":"https:\/\/ventsdevre.fr\/WP\/wp-json\/wp\/v2\/tags?post=1406"}],"curies":[{"name":"wp","href":"https:\/\/api.w.org\/{rel}","templated":true}]}}