{"id":140,"date":"2023-11-14T16:55:18","date_gmt":"2023-11-14T15:55:18","guid":{"rendered":"https:\/\/ventsdevre.fr\/WP\/?p=140"},"modified":"2023-12-22T15:53:11","modified_gmt":"2023-12-22T14:53:11","slug":"blog-presse","status":"publish","type":"post","link":"https:\/\/ventsdevre.fr\/WP\/2023\/11\/14\/blog-presse\/","title":{"rendered":"Blog presse"},"content":{"rendered":"<div class='pt-cv-wrapper'> <div class=\"pt-cv-view pt-cv-blockgrid iscvblock iscvreal grid1 layout2\" id=\"pt-cv-view-3hdnve38\"><div data-id=\"pt-cv-page-1\" class=\"pt-cv-page\" data-cvc=\"3\"><div class=\" pt-cv-content-item pt-cv-1-col\" ><div class=\"pt-cv-thumb-wrapper  \"><a href=\"https:\/\/ventsdevre.fr\/WP\/2026\/04\/27\/25-avril-2026-inauguration-du-parc-eolien\/\" class=\"_self pt-cv-href-thumbnail pt-cv-thumb-default\" target=\"_self\" ><img loading=\"lazy\" decoding=\"async\" width=\"768\" height=\"267\" src=\"https:\/\/ventsdevre.fr\/WP\/wp-content\/uploads\/2026\/04\/TousHola-768x267.png\" class=\"pt-cv-thumbnail\" alt=\"\" \/><\/a><\/div>\n<div class=\"pt-cv-remain-wrapper\"><h4 class=\"pt-cv-title\"><a href=\"https:\/\/ventsdevre.fr\/WP\/2026\/04\/27\/25-avril-2026-inauguration-du-parc-eolien\/\" class=\"_self\" target=\"_self\" >25 avril 2026 : inauguration du parc \u00e9olien !<\/a><\/h4><div class=\"pt-cv-content\">Une belle journ\u00e9e d&rsquo;inauguration : merci \u00e0 tous, qui par votre pr\u00e9sence et\/ou votre aide b\u00e9n\u00e9vole, avez contribu\u00e9 \u00e0 la &#8230;<\/div><div class=\"pt-cv-rmwrap\"><a href=\"https:\/\/ventsdevre.fr\/WP\/2026\/04\/27\/25-avril-2026-inauguration-du-parc-eolien\/\" class=\"_self pt-cv-readmore btn btn-success\" target=\"_self\" >Lire La Suite\u2026<\/a><\/div><\/div><\/div>\n<div class=\" pt-cv-content-item pt-cv-1-col\" ><div class=\"pt-cv-thumb-wrapper  \"><a href=\"https:\/\/ventsdevre.fr\/WP\/2025\/09\/22\/ouest-france-un-nouveau-parc-eolien-citoyen-en-anjou\/\" class=\"_self pt-cv-href-thumbnail pt-cv-thumb-default\" target=\"_self\" ><img loading=\"lazy\" decoding=\"async\" width=\"768\" height=\"432\" src=\"https:\/\/ventsdevre.fr\/WP\/wp-content\/uploads\/2025\/09\/Pa2-768x432.jpeg\" class=\"pt-cv-thumbnail\" alt=\"\" \/><\/a><\/div>\n<div class=\"pt-cv-remain-wrapper\"><h4 class=\"pt-cv-title\"><a href=\"https:\/\/ventsdevre.fr\/WP\/2025\/09\/22\/ouest-france-un-nouveau-parc-eolien-citoyen-en-anjou\/\" class=\"_self\" target=\"_self\" >Ouest-France : Un nouveau parc \u00e9olien citoyen en Anjou<\/a><\/h4><div class=\"pt-cv-content\">Ce vendredi 19 septembre 2025, le nouveau parc \u00e9olien citoyen du FiefSauvin, situ\u00e9 dans la commune de Montrevault-sur-\u00c8vre (Maine-et-Loire), a &#8230;<\/div><div class=\"pt-cv-rmwrap\"><a href=\"https:\/\/ventsdevre.fr\/WP\/2025\/09\/22\/ouest-france-un-nouveau-parc-eolien-citoyen-en-anjou\/\" class=\"_self pt-cv-readmore btn btn-success\" target=\"_self\" >Lire La Suite\u2026<\/a><\/div><\/div><\/div>\n<div class=\" pt-cv-content-item pt-cv-1-col\" ><div class=\"pt-cv-thumb-wrapper  \"><a href=\"https:\/\/ventsdevre.fr\/WP\/2025\/09\/22\/ouest-france-du-17-09-2025-au-fief-sauvin-lentree-en-service-du-dixieme-parc-eolien-des-mauges\/\" class=\"_self pt-cv-href-thumbnail pt-cv-thumb-default\" target=\"_self\" ><img loading=\"lazy\" decoding=\"async\" width=\"768\" height=\"432\" src=\"https:\/\/ventsdevre.fr\/WP\/wp-content\/uploads\/2025\/09\/PiqueNique2_800-768x432.jpg\" class=\"pt-cv-thumbnail\" alt=\"\" \/><\/a><\/div>\n<div class=\"pt-cv-remain-wrapper\"><h4 class=\"pt-cv-title\"><a href=\"https:\/\/ventsdevre.fr\/WP\/2025\/09\/22\/ouest-france-du-17-09-2025-au-fief-sauvin-lentree-en-service-du-dixieme-parc-eolien-des-mauges\/\" class=\"_self\" target=\"_self\" >Ouest-France du 17\/09\/2025 : Au Fief-Sauvin, l\u2019entr\u00e9e en service du dixi\u00e8me parc \u00e9olien des Mauges<\/a><\/h4><div class=\"pt-cv-content\">Ses premiers tours de pales seront c\u00e9l\u00e9br\u00e9s ce vendredi 19 septembre. Port\u00e9 par un actionnariat 100 % citoyen, le parc &#8230;<\/div><div class=\"pt-cv-rmwrap\"><a href=\"https:\/\/ventsdevre.fr\/WP\/2025\/09\/22\/ouest-france-du-17-09-2025-au-fief-sauvin-lentree-en-service-du-dixieme-parc-eolien-des-mauges\/\" class=\"_self pt-cv-readmore btn btn-success\" target=\"_self\" >Lire La Suite\u2026<\/a><\/div><\/div><\/div>\n<div class=\" pt-cv-content-item pt-cv-1-col\" ><div class=\"pt-cv-thumb-wrapper  \"><a href=\"https:\/\/ventsdevre.fr\/WP\/2025\/04\/03\/of-montrevault-sur-evre-le-parc-eolien-loccasion-dune-lecon-aux-ecoliers\/\" class=\"_self pt-cv-href-thumbnail pt-cv-thumb-default\" target=\"_self\" ><img loading=\"lazy\" decoding=\"async\" width=\"630\" height=\"391\" src=\"https:\/\/ventsdevre.fr\/WP\/wp-content\/uploads\/2025\/04\/2025-04-03-09_08_49-Montrevault-sur-Evre.-Le-parc-eolien-loccasion-dune-lecon-aux-ecoliers.png\" class=\"pt-cv-thumbnail\" alt=\"\" \/><\/a><\/div>\n<div class=\"pt-cv-remain-wrapper\"><h4 class=\"pt-cv-title\"><a href=\"https:\/\/ventsdevre.fr\/WP\/2025\/04\/03\/of-montrevault-sur-evre-le-parc-eolien-loccasion-dune-lecon-aux-ecoliers\/\" class=\"_self\" target=\"_self\" >OF : Montrevault-sur-\u00c8vre. Le parc \u00e9olien, l\u2019occasion d\u2019une le\u00e7on aux \u00e9coliers<\/a><\/h4><div class=\"pt-cv-content\"> &#8230;<\/div><div class=\"pt-cv-rmwrap\"><a href=\"https:\/\/ventsdevre.fr\/WP\/2025\/04\/03\/of-montrevault-sur-evre-le-parc-eolien-loccasion-dune-lecon-aux-ecoliers\/\" class=\"_self pt-cv-readmore btn btn-success\" target=\"_self\" >Lire La Suite\u2026<\/a><\/div><\/div><\/div>\n<div class=\" pt-cv-content-item pt-cv-1-col\" ><div class=\"pt-cv-thumb-wrapper  \"><a href=\"https:\/\/ventsdevre.fr\/WP\/2024\/10\/09\/ouest-france-cables-dernier-cri-pour-raccorder-le-parc-eolien-citoyen-du-fief-sauvin\/\" class=\"_self pt-cv-href-thumbnail pt-cv-thumb-default\" target=\"_self\" ><img loading=\"lazy\" decoding=\"async\" width=\"768\" height=\"1024\" src=\"https:\/\/ventsdevre.fr\/WP\/wp-content\/uploads\/2024\/10\/cables_OFrance-768x1024.jpeg\" class=\"pt-cv-thumbnail\" alt=\"\" \/><\/a><\/div>\n<div class=\"pt-cv-remain-wrapper\"><h4 class=\"pt-cv-title\"><a href=\"https:\/\/ventsdevre.fr\/WP\/2024\/10\/09\/ouest-france-cables-dernier-cri-pour-raccorder-le-parc-eolien-citoyen-du-fief-sauvin\/\" class=\"_self\" target=\"_self\" >Ouest France : C\u00e2bles dernier cri pour raccorder le parc \u00e9olien citoyen du Fief-Sauvin<\/a><\/h4><div class=\"pt-cv-content\">C\u00e2bles dernier cri pour raccorder le parc \u00e9olien\u00a0Avant l\u2019arriv\u00e9e des \u00e9oliennes \u00e0 Montrevault-sur-\u00c8vre, Enedis installe lesc\u00e2bles de raccordement au r\u00e9seau &#8230;<\/div><div class=\"pt-cv-rmwrap\"><a href=\"https:\/\/ventsdevre.fr\/WP\/2024\/10\/09\/ouest-france-cables-dernier-cri-pour-raccorder-le-parc-eolien-citoyen-du-fief-sauvin\/\" class=\"_self pt-cv-readmore btn btn-success\" target=\"_self\" >Lire La Suite\u2026<\/a><\/div><\/div><\/div>\n<div class=\" pt-cv-content-item pt-cv-1-col\" ><div class=\"pt-cv-thumb-wrapper  \"><a href=\"https:\/\/ventsdevre.fr\/WP\/2024\/03\/18\/of-du-18-03-2024-qui-veut-investir-dans-ce-parc-eolien-citoyen\/\" class=\"_self pt-cv-href-thumbnail pt-cv-thumb-default\" target=\"_self\" ><img loading=\"lazy\" decoding=\"async\" width=\"768\" height=\"412\" src=\"https:\/\/ventsdevre.fr\/WP\/wp-content\/uploads\/2024\/03\/2024-03-18-23_10_28-Window-768x412.png\" class=\"pt-cv-thumbnail\" alt=\"\" \/><\/a><\/div>\n<div class=\"pt-cv-remain-wrapper\"><h4 class=\"pt-cv-title\"><a href=\"https:\/\/ventsdevre.fr\/WP\/2024\/03\/18\/of-du-18-03-2024-qui-veut-investir-dans-ce-parc-eolien-citoyen\/\" class=\"_self\" target=\"_self\" >Ouest France du 18\/03\/2024 : Qui veut investir dans ce parc \u00e9olien citoyen\u00a0?<\/a><\/h4><div class=\"pt-cv-content\">\u00a0Ces habitants des Mauges d\u00e9j\u00e0 investisseurs dans le futur parc \u00e9oliencitoyen du Fief-Sauvin viennent chercher des associ\u00e9s \u00e0 Cholet, mardi.Pour &#8230;<\/div><div class=\"pt-cv-rmwrap\"><a href=\"https:\/\/ventsdevre.fr\/WP\/2024\/03\/18\/of-du-18-03-2024-qui-veut-investir-dans-ce-parc-eolien-citoyen\/\" class=\"_self pt-cv-readmore btn btn-success\" target=\"_self\" >Lire La Suite\u2026<\/a><\/div><\/div><\/div><\/div><\/div> <\/div> <style>\n\n#pt-cv-view-3hdnve38 .pt-cv-meta-fields {  }#pt-cv-view-3hdnve38 .pt-cv-meta-fields * { font-size: 13px; }#pt-cv-view-3hdnve38 .pt-cv-thumb-wrapper:not(.miniwrap) {  }#pt-cv-view-3hdnve38 .pt-cv-thumbnail:not(.pt-cv-thumbnailsm) { height: 250px; }#pt-cv-view-3hdnve38 .pt-cv-title a { display: block; }#pt-cv-view-3hdnve38 .pt-cv-title:not(.pt-cv-titlesm) a { font-weight: 600;text-decoration: none;font-size: 20px; }#pt-cv-view-3hdnve38 .pt-cv-titlesm a { font-weight: 600;font-size: 18px; }#pt-cv-view-3hdnve38 .pt-cv-content { font-size: 15px; }#pt-cv-view-3hdnve38 .pt-cv-rmwrap {  }#pt-cv-view-3hdnve38 .pt-cv-readmore { color: #fff;background-color: #0075ff;font-size: 14px; }#pt-cv-view-3hdnve38 .pt-cv-taxoterm {  }#pt-cv-view-3hdnve38 .pt-cv-taxoterm * { color: #222;background-color: #fff6f6;font-size: 14px; }#pt-cv-view-3hdnve38 + .pt-cv-pagination-wrapper {  }#pt-cv-view-3hdnve38 + .pt-cv-pagination-wrapper a { font-size: 14px; }#pt-cv-view-3hdnve38 > .pt-cv-page {grid-template-columns: repeat(3, 1fr);grid-gap: 20px;}\n@media all and (max-width: 1024px) { \n#pt-cv-view-3hdnve38 > .pt-cv-page {}\n} \n@media all and (max-width: 767px) { \n#pt-cv-view-3hdnve38 > .pt-cv-page {grid-template-columns: repeat(1, 1fr);}\n} <\/style>","protected":false},"excerpt":{"rendered":"","protected":false},"author":1,"featured_media":561,"comment_status":"closed","ping_status":"open","sticky":false,"template":"","format":"standard","meta":{"cybocfi_hide_featured_image":"yes","footnotes":""},"categories":[1],"tags":[],"class_list":["post-140","post","type-post","status-publish","format-standard","has-post-thumbnail","hentry","category-non-classe"],"_links":{"self":[{"href":"https:\/\/ventsdevre.fr\/WP\/wp-json\/wp\/v2\/posts\/140","targetHints":{"allow":["GET"]}}],"collection":[{"href":"https:\/\/ventsdevre.fr\/WP\/wp-json\/wp\/v2\/posts"}],"about":[{"href":"https:\/\/ventsdevre.fr\/WP\/wp-json\/wp\/v2\/types\/post"}],"author":[{"embeddable":true,"href":"https:\/\/ventsdevre.fr\/WP\/wp-json\/wp\/v2\/users\/1"}],"replies":[{"embeddable":true,"href":"https:\/\/ventsdevre.fr\/WP\/wp-json\/wp\/v2\/comments?post=140"}],"version-history":[{"count":4,"href":"https:\/\/ventsdevre.fr\/WP\/wp-json\/wp\/v2\/posts\/140\/revisions"}],"predecessor-version":[{"id":568,"href":"https:\/\/ventsdevre.fr\/WP\/wp-json\/wp\/v2\/posts\/140\/revisions\/568"}],"wp:featuredmedia":[{"embeddable":true,"href":"https:\/\/ventsdevre.fr\/WP\/wp-json\/wp\/v2\/media\/561"}],"wp:attachment":[{"href":"https:\/\/ventsdevre.fr\/WP\/wp-json\/wp\/v2\/media?parent=140"}],"wp:term":[{"taxonomy":"category","embeddable":true,"href":"https:\/\/ventsdevre.fr\/WP\/wp-json\/wp\/v2\/categories?post=140"},{"taxonomy":"post_tag","embeddable":true,"href":"https:\/\/ventsdevre.fr\/WP\/wp-json\/wp\/v2\/tags?post=140"}],"curies":[{"name":"wp","href":"https:\/\/api.w.org\/{rel}","templated":true}]}}