{"id":1250,"date":"2025-04-09T19:47:02","date_gmt":"2025-04-09T17:47:02","guid":{"rendered":"https:\/\/ventsdevre.fr\/WP\/?p=1250"},"modified":"2025-04-10T15:56:34","modified_gmt":"2025-04-10T13:56:34","slug":"4-eoliennes-28-convois","status":"publish","type":"post","link":"https:\/\/ventsdevre.fr\/WP\/2025\/04\/09\/4-eoliennes-28-convois\/","title":{"rendered":"4 \u00e9oliennes = 28 convois&#8230;"},"content":{"rendered":"\n<p>Mardi 8 avril 2025, 23h30, travers\u00e9e de Villedieu. De nombreux th\u00e9opolitains \u00e9taient encore debout pour suivre ces 3 convois&#8230;<\/p>\n\n\n\n<figure class=\"wp-block-video\"><video height=\"480\" style=\"aspect-ratio: 640 \/ 480;\" width=\"640\" autoplay controls src=\"https:\/\/ventsdevre.fr\/WP\/wp-content\/uploads\/2025\/04\/PalesConvoi01.mp4\"><\/video><\/figure>\n\n\n\n<figure class=\"wp-block-video\"><video height=\"478\" style=\"aspect-ratio: 848 \/ 478;\" width=\"848\" controls src=\"https:\/\/ventsdevre.fr\/WP\/wp-content\/uploads\/2025\/04\/VID-20250408-WA0012.mp4\"><\/video><\/figure>\n\n\n\n<figure class=\"wp-block-video\"><video height=\"478\" style=\"aspect-ratio: 848 \/ 478;\" width=\"848\" controls src=\"https:\/\/ventsdevre.fr\/WP\/wp-content\/uploads\/2025\/04\/VID-20250409-WA0006.mp4\"><\/video><figcaption class=\"wp-element-caption\"><mark>Au Petit Lapin, sorte de la 2&#215;2 voies Nantes-Cholet<\/mark><\/figcaption><\/figure>\n\n\n\n<p><\/p>\n\n\n\n<figure class=\"wp-block-video\"><video height=\"382\" style=\"aspect-ratio: 848 \/ 382;\" width=\"848\" controls src=\"https:\/\/ventsdevre.fr\/WP\/wp-content\/uploads\/2025\/04\/VID-20250409-WA0007.mp4\"><\/video><\/figure>\n\n\n\n<figure class=\"wp-block-video\"><video height=\"382\" style=\"aspect-ratio: 848 \/ 382;\" width=\"848\" controls src=\"https:\/\/ventsdevre.fr\/WP\/wp-content\/uploads\/2025\/04\/VID-20250409-WA0008.mp4\"><\/video><\/figure>\n\n\n\n<figure class=\"wp-block-video\"><video height=\"478\" style=\"aspect-ratio: 848 \/ 478;\" width=\"848\" controls src=\"https:\/\/ventsdevre.fr\/WP\/wp-content\/uploads\/2025\/04\/VID-20250410-WA0026.mp4\"><\/video><\/figure>\n","protected":false},"excerpt":{"rendered":"<p>Mardi 8 avril 2025, 23h30, travers\u00e9e de Villedieu. De nombreux th\u00e9opolitains \u00e9taient encore debout pour suivre ces 3 convois&#8230;<\/p>\n","protected":false},"author":1,"featured_media":1256,"comment_status":"closed","ping_status":"closed","sticky":false,"template":"","format":"standard","meta":{"cybocfi_hide_featured_image":"yes","footnotes":""},"categories":[5],"tags":[],"class_list":["post-1250","post","type-post","status-publish","format-standard","has-post-thumbnail","hentry","category-album-photos"],"_links":{"self":[{"href":"https:\/\/ventsdevre.fr\/WP\/wp-json\/wp\/v2\/posts\/1250","targetHints":{"allow":["GET"]}}],"collection":[{"href":"https:\/\/ventsdevre.fr\/WP\/wp-json\/wp\/v2\/posts"}],"about":[{"href":"https:\/\/ventsdevre.fr\/WP\/wp-json\/wp\/v2\/types\/post"}],"author":[{"embeddable":true,"href":"https:\/\/ventsdevre.fr\/WP\/wp-json\/wp\/v2\/users\/1"}],"replies":[{"embeddable":true,"href":"https:\/\/ventsdevre.fr\/WP\/wp-json\/wp\/v2\/comments?post=1250"}],"version-history":[{"count":6,"href":"https:\/\/ventsdevre.fr\/WP\/wp-json\/wp\/v2\/posts\/1250\/revisions"}],"predecessor-version":[{"id":1267,"href":"https:\/\/ventsdevre.fr\/WP\/wp-json\/wp\/v2\/posts\/1250\/revisions\/1267"}],"wp:featuredmedia":[{"embeddable":true,"href":"https:\/\/ventsdevre.fr\/WP\/wp-json\/wp\/v2\/media\/1256"}],"wp:attachment":[{"href":"https:\/\/ventsdevre.fr\/WP\/wp-json\/wp\/v2\/media?parent=1250"}],"wp:term":[{"taxonomy":"category","embeddable":true,"href":"https:\/\/ventsdevre.fr\/WP\/wp-json\/wp\/v2\/categories?post=1250"},{"taxonomy":"post_tag","embeddable":true,"href":"https:\/\/ventsdevre.fr\/WP\/wp-json\/wp\/v2\/tags?post=1250"}],"curies":[{"name":"wp","href":"https:\/\/api.w.org\/{rel}","templated":true}]}}