{"id":1245,"date":"2025-04-03T09:23:16","date_gmt":"2025-04-03T07:23:16","guid":{"rendered":"https:\/\/ventsdevre.fr\/WP\/?p=1245"},"modified":"2025-04-03T09:25:14","modified_gmt":"2025-04-03T07:25:14","slug":"le-parc-eolien-presente-aux-ecoliers-du-fief-sauvin-2","status":"publish","type":"post","link":"https:\/\/ventsdevre.fr\/WP\/2025\/04\/03\/le-parc-eolien-presente-aux-ecoliers-du-fief-sauvin-2\/","title":{"rendered":"Le Parc Eolien pr\u00e9sent\u00e9 aux \u00e9coliers du Fief-Sauvin"},"content":{"rendered":"<p class=\"MsoNoSpacing\" style=\"text-align: left;\" align=\"center\"><b><u><span style=\"font-size: 12.0pt;\">la premi\u00e8re intervention s\u2019est d\u00e9roul\u00e9e le mardi 25\/03<br \/>\n<\/span><\/u><\/b><span style=\"font-size: 1.125rem;\">Un programme d\u2019animations p\u00e9dagogiques en 4 s\u00e9quences a \u00e9t\u00e9 retenu pour les \u00e9coliers du Fief-Sauvin :<br \/>\n<\/span><span style=\"text-indent: -18pt; font-size: 1.125rem;\">&#8211;<span style=\"font-variant-numeric: normal; font-variant-east-asian: normal; font-variant-alternates: normal; font-size-adjust: none; font-kerning: auto; font-optical-sizing: auto; font-feature-settings: normal; font-variation-settings: normal; font-variant-position: normal; font-variant-emoji: normal; font-stretch: normal; font-size: 7pt; line-height: normal; font-family: 'Times New Roman';\">\u00a0\u00a0\u00a0\u00a0\u00a0\u00a0\u00a0\u00a0\u00a0 <\/span><\/span><span style=\"text-indent: -18pt; font-size: 1.125rem;\">Intervention en classe avec pr\u00e9sentation g\u00e9n\u00e9rale du Parc Eolien (mars 2025)<br \/>\n<\/span><span style=\"text-indent: -18pt; font-size: 1.125rem;\">&#8211;<span style=\"font-variant-numeric: normal; font-variant-east-asian: normal; font-variant-alternates: normal; font-size-adjust: none; font-kerning: auto; font-optical-sizing: auto; font-feature-settings: normal; font-variation-settings: normal; font-variant-position: normal; font-variant-emoji: normal; font-stretch: normal; font-size: 7pt; line-height: normal; font-family: 'Times New Roman';\">\u00a0\u00a0\u00a0\u00a0\u00a0\u00a0\u00a0\u00a0\u00a0 <\/span><\/span><span style=\"text-indent: -18pt; font-size: 1.125rem;\">Sortie de terrain au moment du montage des \u00e9oliennes (mai 2025)<br \/>\n<\/span><span style=\"text-indent: -18pt; font-size: 1.125rem;\">&#8211;<span style=\"font-variant-numeric: normal; font-variant-east-asian: normal; font-variant-alternates: normal; font-size-adjust: none; font-kerning: auto; font-optical-sizing: auto; font-feature-settings: normal; font-variation-settings: normal; font-variant-position: normal; font-variant-emoji: normal; font-stretch: normal; font-size: 7pt; line-height: normal; font-family: 'Times New Roman';\">\u00a0\u00a0\u00a0\u00a0\u00a0\u00a0\u00a0\u00a0\u00a0 <\/span><\/span><span style=\"text-indent: -18pt; font-size: 1.125rem;\">Animation en classe par le CPIE (pour les CM) autour des \u00e9nergies en g\u00e9n\u00e9ral et des \u00e9nergies renouvelables en particulier (automne 2025)<br \/>\n<\/span><span style=\"text-indent: -18pt; font-size: 7pt;\">&#8211;<span style=\"font-variant-numeric: normal; font-variant-east-asian: normal; font-variant-alternates: normal; font-size-adjust: none; font-kerning: auto; font-optical-sizing: auto; font-feature-settings: normal; font-variation-settings: normal; font-variant-position: normal; font-variant-emoji: normal; font-stretch: normal; font-size: 7pt; line-height: normal; font-family: 'Times New Roman';\">\u00a0\u00a0\u00a0\u00a0\u00a0\u00a0\u00a0\u00a0\u00a0\u00a0 <\/span><\/span><span style=\"text-indent: -18pt; font-size: 1.125rem;\">Animation sur le terrain par le CPIE (pour les CM) au c\u0153ur du parc en fonctionnement, \u00e0 la d\u00e9couverte de la biodiversit\u00e9 autour des \u00e9oliennes.<\/span><span style=\"font-size: 7pt;\"><br \/>\n<\/span><span style=\"font-size: 1.125rem;\">Ce mardi 25 mars, Ren\u00e9-Marc, Didier, Marc et G\u00e9rard ont pass\u00e9 l\u2019apr\u00e8s-midi \u00e0 l\u2019\u00e9cole pour pr\u00e9senter \u00e0 75 enfants le futur parc \u00e9olien.<br \/>\n<\/span><span style=\"font-size: 1.125rem;\">Le premier groupe de l\u2019apr\u00e8s-midi \u00e9tait compos\u00e9 de 25 CP\/CE1, accompagn\u00e9s de leurs enseignantes Aude et Caroline. Tous avaient d\u00e9j\u00e0 entendu parler des \u00e9oliennes.<br \/>\nMalgr\u00e9 leur jeune \u00e2ge, certains avaient d\u00e9j\u00e0 de bonnes connaissances sur les \u00e9nergies : les \u00e9oliennes, les panneaux photovolta\u00efques, les barrages, les centrales nucl\u00e9aires qui fonctionnent avec l\u2019uranium, le mouvement des vagues, mais aussi le p\u00e9trole, le charbon, le bois\u2026<br \/>\n<\/span><span style=\"font-size: 1.125rem;\">Une maquette repr\u00e9sentant une \u00e9olienne au 1\/100<\/span><sup>\u00e8me<\/sup><span style=\"font-size: 1.125rem;\"> les a beaucoup int\u00e9ress\u00e9s : une bonne mani\u00e8re de se repr\u00e9senter la taille importante des machines (150 m\u00e8tres de hauteur).<br \/>\n<\/span><span style=\"font-size: 1.125rem;\">Place ensuite aux CM1 de Christine et enfin aux CM2 de Fr\u00e9d\u00e9ric.<br \/>\n<\/span><span style=\"font-size: 1.125rem;\">Pendant une heure, les enfants ont pu s\u2019exprimer sur ce qu\u2019ils connaissaient du projet ; ont pu s\u2019interroger sur le nombre d\u2019\u00e9oliennes qui seront install\u00e9es, leur puissance, leurs dimensions impressionnantes ; ont pu imaginer les contraintes li\u00e9es au transport par la route des pales, avec des convois longs de 75m. \u2026<br \/>\n<\/span><span style=\"font-size: 1.125rem;\">Sans en avoir l\u2019air, l\u2019animation a permis de toucher \u00e0 de nombreuses mati\u00e8res scolaires, de mani\u00e8re transversale :<br \/>\n<\/span><span style=\"text-indent: -18pt; font-size: 1.125rem;\">&#8211;<span style=\"font-variant-numeric: normal; font-variant-east-asian: normal; font-variant-alternates: normal; font-size-adjust: none; font-kerning: auto; font-optical-sizing: auto; font-feature-settings: normal; font-variation-settings: normal; font-variant-position: normal; font-variant-emoji: normal; font-stretch: normal; font-size: 7pt; line-height: normal; font-family: 'Times New Roman';\">\u00a0\u00a0\u00a0\u00a0\u00a0\u00a0\u00a0\u00a0\u00a0 <\/span><\/span><span style=\"text-indent: -18pt; font-size: 1.125rem;\">Des sciences : les \u00e9nergies sont au programme des \u00e9l\u00e8ves de cycle 3<br \/>\n<\/span><span style=\"text-indent: -18pt; font-size: 1.125rem;\">&#8211;<span style=\"font-variant-numeric: normal; font-variant-east-asian: normal; font-variant-alternates: normal; font-size-adjust: none; font-kerning: auto; font-optical-sizing: auto; font-feature-settings: normal; font-variation-settings: normal; font-variant-position: normal; font-variant-emoji: normal; font-stretch: normal; font-size: 7pt; line-height: normal; font-family: 'Times New Roman';\">\u00a0\u00a0\u00a0\u00a0\u00a0\u00a0\u00a0\u00a0\u00a0 <\/span><\/span><span style=\"text-indent: -18pt; font-size: 1.125rem;\">Du vocabulaire : une \u00e9olienne n\u2019a pas d\u2019ailes, ce sont des pales. On ne dit pas un poteau : c\u2019est un m\u00e2t, etc\u2026 Et la cabine l\u00e0-haut, \u00e7a s\u2019appelle la nacelle\u2026<br \/>\n<\/span><span style=\"text-indent: -18pt; font-size: 1.125rem;\">&#8211;<span style=\"font-variant-numeric: normal; font-variant-east-asian: normal; font-variant-alternates: normal; font-size-adjust: none; font-kerning: auto; font-optical-sizing: auto; font-feature-settings: normal; font-variation-settings: normal; font-variant-position: normal; font-variant-emoji: normal; font-stretch: normal; font-size: 7pt; line-height: normal; font-family: 'Times New Roman';\">\u00a0\u00a0\u00a0\u00a0\u00a0\u00a0\u00a0\u00a0\u00a0 <\/span><\/span><span style=\"text-indent: -18pt; font-size: 1.125rem;\">Des maths\u00a0: avec une maquette au 1\/100<\/span><sup style=\"text-indent: -18pt;\">\u00e8me<\/sup><span style=\"text-indent: -18pt; font-size: 1.125rem;\">, quelle est la hauteur totale de l\u2019\u00e9olienne sachant que la maquette fait 1,50 m. de haut ? Et un m\u00e2t qui p\u00e8se 200 tonnes, \u00e7a fait combien de kilogrammes ?<br \/>\n<\/span><span style=\"text-indent: -18pt; font-size: 7pt;\">&#8211;<span style=\"font-variant-numeric: normal; font-variant-east-asian: normal; font-variant-alternates: normal; font-size-adjust: none; font-kerning: auto; font-optical-sizing: auto; font-feature-settings: normal; font-variation-settings: normal; font-variant-position: normal; font-variant-emoji: normal; font-stretch: normal; font-size: 7pt; line-height: normal; font-family: 'Times New Roman';\">\u00a0\u00a0\u00a0\u00a0\u00a0\u00a0\u00a0\u00a0\u00a0\u00a0 <\/span><\/span><span style=\"text-indent: -18pt; font-size: 1.125rem;\">De la g\u00e9ographie : les composants des \u00e9oliennes sont produits un peu partout en Europe, voire au-del\u00e0. Les enfants ont retrac\u00e9 sur la carte le parcours emprunt\u00e9 par les pales, qui arriveront de Turquie jusqu\u2019\u00e0 St Nazaire en bateau. Idem pour les m\u00e2ts qui viennent du nord de l\u2019Allemagne, \u00e9galement par la mer jusqu\u2019\u00e0 St Nazaire.<br \/>\n<\/span><span style=\"font-size: 1.125rem;\">La carte du Fief-Sauvin a \u00e9galement servi de support : \u00e0 chacun de rep\u00e9rer sur la carte \u00ab La Grande For\u00eat \u00bb, o\u00f9 se situe la base-vie. Puis de chercher \u00ab La Petite For\u00eat \u00bb, en plein c\u0153ur du parc \u00e9olien. Et enfin de reporter pr\u00e9cis\u00e9ment l\u2019emplacement de chacune des \u00e9oliennes.<br \/>\n<\/span>Cette carte servira \u00e0 nouveau pour la deuxi\u00e8me s\u00e9quence, pr\u00e9vue en mai\u00a0: les \u00e9l\u00e8ves iront sur le chantier quand les \u00e9oliennes seront en cours de montage. Le d\u00e9placement se fera \u00e0 pied (du sport\u00a0!), sur une journ\u00e9e, avec pique-nique sur place le midi. Il sera donc judicieux d\u2019\u00e9tudier la carte au pr\u00e9alable, pour savoir par o\u00f9 passer\u2026<br \/>\n<em><a href=\"https:\/\/ventsdevre.fr\/WP\/2025\/04\/03\/le-parc-eolien-presente-aux-ecoliers-du-fief-sauvin\/\" target=\"_blank\" rel=\"noopener\">Quelques photos de cette journ\u00e9e ici<\/a><\/em><\/p>\n","protected":false},"excerpt":{"rendered":"<p>la premi\u00e8re intervention s\u2019est d\u00e9roul\u00e9e le mardi 25\/03 Un programme d\u2019animations p\u00e9dagogiques en 4 s\u00e9quences a \u00e9t\u00e9 retenu pour les \u00e9coliers du Fief-Sauvin : &#8211;\u00a0\u00a0\u00a0\u00a0\u00a0\u00a0\u00a0\u00a0\u00a0 &hellip; <\/p>\n","protected":false},"author":3,"featured_media":1235,"comment_status":"closed","ping_status":"closed","sticky":false,"template":"","format":"standard","meta":{"cybocfi_hide_featured_image":"yes","footnotes":""},"categories":[10,22],"tags":[],"class_list":["post-1245","post","type-post","status-publish","format-standard","has-post-thumbnail","hentry","category-actualites","category-commission-animation"],"_links":{"self":[{"href":"https:\/\/ventsdevre.fr\/WP\/wp-json\/wp\/v2\/posts\/1245","targetHints":{"allow":["GET"]}}],"collection":[{"href":"https:\/\/ventsdevre.fr\/WP\/wp-json\/wp\/v2\/posts"}],"about":[{"href":"https:\/\/ventsdevre.fr\/WP\/wp-json\/wp\/v2\/types\/post"}],"author":[{"embeddable":true,"href":"https:\/\/ventsdevre.fr\/WP\/wp-json\/wp\/v2\/users\/3"}],"replies":[{"embeddable":true,"href":"https:\/\/ventsdevre.fr\/WP\/wp-json\/wp\/v2\/comments?post=1245"}],"version-history":[{"count":3,"href":"https:\/\/ventsdevre.fr\/WP\/wp-json\/wp\/v2\/posts\/1245\/revisions"}],"predecessor-version":[{"id":1248,"href":"https:\/\/ventsdevre.fr\/WP\/wp-json\/wp\/v2\/posts\/1245\/revisions\/1248"}],"wp:featuredmedia":[{"embeddable":true,"href":"https:\/\/ventsdevre.fr\/WP\/wp-json\/wp\/v2\/media\/1235"}],"wp:attachment":[{"href":"https:\/\/ventsdevre.fr\/WP\/wp-json\/wp\/v2\/media?parent=1245"}],"wp:term":[{"taxonomy":"category","embeddable":true,"href":"https:\/\/ventsdevre.fr\/WP\/wp-json\/wp\/v2\/categories?post=1245"},{"taxonomy":"post_tag","embeddable":true,"href":"https:\/\/ventsdevre.fr\/WP\/wp-json\/wp\/v2\/tags?post=1245"}],"curies":[{"name":"wp","href":"https:\/\/api.w.org\/{rel}","templated":true}]}}