{"id":1048,"date":"2025-01-10T15:26:51","date_gmt":"2025-01-10T14:26:51","guid":{"rendered":"https:\/\/ventsdevre.fr\/WP\/?p=1048"},"modified":"2025-01-29T11:05:15","modified_gmt":"2025-01-29T10:05:15","slug":"ca-au-6-decembre-2024","status":"publish","type":"post","link":"https:\/\/ventsdevre.fr\/WP\/2025\/01\/10\/ca-au-6-decembre-2024\/","title":{"rendered":"CA au 6 d\u00e9cembre 2024"},"content":{"rendered":"<p>Sept nouveaux membres ont \u00e9t\u00e9 \u00e9lus et font leur entr\u00e9e au Conseil d&rsquo;Administration de la SAS :<br \/>\nJean-Michel Aubron, Louison Onillon, Charlie Moreau, Marcel Lusson, Jean-Luc Chauvir\u00e9, Bertrand Ripoche et Yvan Sourice.<\/p>\n<p><img loading=\"lazy\" decoding=\"async\" class=\"wp-image-1058  alignnone\" src=\"https:\/\/ventsdevre.fr\/WP\/wp-content\/uploads\/2025\/01\/CA06122025.jpg\" alt=\"\" width=\"729\" height=\"410\" srcset=\"https:\/\/ventsdevre.fr\/WP\/wp-content\/uploads\/2025\/01\/CA06122025.jpg 1920w, https:\/\/ventsdevre.fr\/WP\/wp-content\/uploads\/2025\/01\/CA06122025-300x169.jpg 300w, https:\/\/ventsdevre.fr\/WP\/wp-content\/uploads\/2025\/01\/CA06122025-1024x576.jpg 1024w, https:\/\/ventsdevre.fr\/WP\/wp-content\/uploads\/2025\/01\/CA06122025-768x432.jpg 768w, https:\/\/ventsdevre.fr\/WP\/wp-content\/uploads\/2025\/01\/CA06122025-1536x864.jpg 1536w\" sizes=\"auto, (max-width: 729px) 100vw, 729px\" \/><\/p>\n<p><span style=\"font-size: 1.125rem;\">Le nouveau Conseil d&rsquo;Administration, d\u00e9sormais au complet, se compose comme suit:<\/span><\/p>\n<p>&#8211;\u00a0 <span style=\"font-size: 1.125rem;\">\u00a0 \u00a0 AUBRON Jean-Michel (Le Fief-Sauvin)<br \/>\n<\/span>&#8211;\u00a0 \u00a0 \u00a0 CHAUVIRE Jean-Luc (Gest\u00e9)<br \/>\n&#8211;\u00a0 \u00a0 \u00a0 GRELLIER G\u00e9rard (Beaupr\u00e9au)<br \/>\n&#8211;\u00a0 \u00a0 \u00a0 LECLERC Paul (Le Fief-Sauvin)<br \/>\n&#8211;\u00a0 \u00a0 \u00a0 LUSSON Marcel (Beaupr\u00e9au)<br \/>\n&#8211;\u00a0 \u00a0 \u00a0 MAUGET Marc (Beaupr\u00e9au)<br \/>\n&#8211;\u00a0 \u00a0 \u00a0 MOREAU Charlie (Beaupr\u00e9au)<br \/>\n&#8211;\u00a0 \u00a0 \u00a0 MOREAU Carole (Le Fief-Sauvin)<br \/>\n&#8211;\u00a0 \u00a0 \u00a0 ONILLON Louison (Beaupr\u00e9au)<br \/>\n&#8211;\u00a0 \u00a0 \u00a0 PETITEAU Patricia (Le Puiset-Dor\u00e9)<br \/>\n&#8211;\u00a0 \u00a0 \u00a0 POIRIER Isabelle (Gest\u00e9)<br \/>\n&#8211;\u00a0 \u00a0 \u00a0 REVEAU Damien (Le Fief-Sauvin<br \/>\n&#8211;\u00a0 \u00a0 \u00a0 RIPOCHE Bertrand (Le Fief-Sauvin)<br \/>\n&#8211;\u00a0 \u00a0 \u00a0 SOURICE Yvan (La Chapelle-du-Gen\u00eat)<br \/>\n&#8211;\u00a0 \u00a0 \u00a0 TUFFEREAU Ren\u00e9-Marc (Beaupr\u00e9au)<br \/>\nLe Conseil d&rsquo;Administration se r\u00e9unit en principe une fois par semaine (souvent le mardi soir).<br \/>\nLa r\u00e9union hebdomadaire est \u00e9galement ouverte aux membres de l&rsquo;Association Vents d&rsquo;Evre qui pour certains, suivent le projet depuis le d\u00e9but de la d\u00e9marche citoyenne.<\/p>\n","protected":false},"excerpt":{"rendered":"<p>Sept nouveaux membres ont \u00e9t\u00e9 \u00e9lus et font leur entr\u00e9e au Conseil d&rsquo;Administration de la SAS : Jean-Michel Aubron, Louison Onillon, Charlie Moreau, Marcel Lusson, &hellip; <\/p>\n","protected":false},"author":3,"featured_media":0,"comment_status":"closed","ping_status":"closed","sticky":false,"template":"","format":"standard","meta":{"cybocfi_hide_featured_image":"","footnotes":""},"categories":[3,17],"tags":[],"class_list":["post-1048","post","type-post","status-publish","format-standard","hentry","category-association","category-sas-eoliennes-du-fief-sauvin"],"_links":{"self":[{"href":"https:\/\/ventsdevre.fr\/WP\/wp-json\/wp\/v2\/posts\/1048","targetHints":{"allow":["GET"]}}],"collection":[{"href":"https:\/\/ventsdevre.fr\/WP\/wp-json\/wp\/v2\/posts"}],"about":[{"href":"https:\/\/ventsdevre.fr\/WP\/wp-json\/wp\/v2\/types\/post"}],"author":[{"embeddable":true,"href":"https:\/\/ventsdevre.fr\/WP\/wp-json\/wp\/v2\/users\/3"}],"replies":[{"embeddable":true,"href":"https:\/\/ventsdevre.fr\/WP\/wp-json\/wp\/v2\/comments?post=1048"}],"version-history":[{"count":8,"href":"https:\/\/ventsdevre.fr\/WP\/wp-json\/wp\/v2\/posts\/1048\/revisions"}],"predecessor-version":[{"id":1065,"href":"https:\/\/ventsdevre.fr\/WP\/wp-json\/wp\/v2\/posts\/1048\/revisions\/1065"}],"wp:attachment":[{"href":"https:\/\/ventsdevre.fr\/WP\/wp-json\/wp\/v2\/media?parent=1048"}],"wp:term":[{"taxonomy":"category","embeddable":true,"href":"https:\/\/ventsdevre.fr\/WP\/wp-json\/wp\/v2\/categories?post=1048"},{"taxonomy":"post_tag","embeddable":true,"href":"https:\/\/ventsdevre.fr\/WP\/wp-json\/wp\/v2\/tags?post=1048"}],"curies":[{"name":"wp","href":"https:\/\/api.w.org\/{rel}","templated":true}]}}